{"id":119,"date":"2013-09-22T12:51:51","date_gmt":"2013-09-22T10:51:51","guid":{"rendered":"http:\/\/beta.reisetrottel.de\/?p=119"},"modified":"2014-03-11T10:52:47","modified_gmt":"2014-03-11T08:52:47","slug":"wer-lacht-heut-abend","status":"publish","type":"post","link":"https:\/\/www.reisetrottel.de\/?p=119","title":{"rendered":"wer lacht heut abend ?"},"content":{"rendered":"<p>Ums noch mal deutlich zu machen: Freitag abends lacht momentan nur einer \u2013 Max Eberl. Hat er doch endlich begriffen, warum Lucien den Raffael unbedingt wollte. Auf nach Auxburch. Um das Thema hier abzurunden &#8230; fragt die K\u00f6lnerin am Dinnertisch nach den sch\u00f6nen Dingen des Lebens ?! Na dat der scheiss FC nicht aufsteigt- so gewinnt man Frauenherzen.<\/p>\n<p style=\"text-align: center;\"><a href=\"https:\/\/www.reisetrottel.de\/wp-content\/uploads\/2013\/09\/k5a.jpg\"><img loading=\"lazy\" decoding=\"async\" class=\"aligncenter  wp-image-884\" alt=\"k5a\" src=\"https:\/\/www.reisetrottel.de\/wp-content\/uploads\/2013\/09\/k5a.jpg\" width=\"800\" height=\"336\" \/><\/a><\/p>\n<p>Wer hier \u2013 weil Club voll &#8211; die Truppe schwedisch anmutender Studentinnen erwartet hatte, wurde leider eines Besseren belehrt. Studentinnen ja, aber eher aus Billerbeck und bereits einige Semester \u00fcber der Mindeststudienzeit. Ok, Bridge muss man noch nicht k\u00f6nnen, aber knapp davor. So rettet man manch eine Situation mit Blick in die Getr\u00e4nkekarte. Alles was schmeckt, ist teuer. Abzocke-All-In. Gut, dass uns die\u00a0Vorhut informiert hatte und wir selbstredend gut vorbereitet hier eingelaufen sind.<\/p>\n<p>Apropo laufen \u2013 das geht heute gar nicht. Warum ? Diese Frage und die Thematik \u201ewarum zieht sich ein sonst ganz normal tickender junger Mann unserer Reisegruppe eigentlich ein Hollandtrikot \u00fcber\u201c wird nachher beantwortet.<\/p>\n","protected":false},"excerpt":{"rendered":"<p>Ums noch mal deutlich zu machen: Freitag abends lacht momentan nur einer \u2013 Max Eberl. Hat er doch endlich begriffen, warum Lucien den Raffael unbedingt wollte. Auf nach Auxburch. Um das Thema hier abzurunden &#8230; fragt die K\u00f6lnerin am Dinnertisch nach den sch\u00f6nen Dingen des Lebens ?! Na dat der scheiss FC nicht aufsteigt- so <span class=\"ellipsis\">&hellip;<\/span> <span class=\"more-link-wrap\"><a href=\"https:\/\/www.reisetrottel.de\/?p=119\" class=\"more-link\"><span>Read More &rarr;<\/span><\/a><\/span><\/p>\n","protected":false},"author":2,"featured_media":146,"comment_status":"open","ping_status":"closed","sticky":false,"template":"","format":"standard","meta":{"ngg_post_thumbnail":0,"footnotes":""},"categories":[8,4],"tags":[39,122,31],"class_list":["post-119","post","type-post","status-publish","format-standard","has-post-thumbnail","hentry","category-griechenland","category-sandstrand","tag-aldiana","tag-kreta","tag-ostseefohlen"],"_links":{"self":[{"href":"https:\/\/www.reisetrottel.de\/index.php?rest_route=\/wp\/v2\/posts\/119","targetHints":{"allow":["GET"]}}],"collection":[{"href":"https:\/\/www.reisetrottel.de\/index.php?rest_route=\/wp\/v2\/posts"}],"about":[{"href":"https:\/\/www.reisetrottel.de\/index.php?rest_route=\/wp\/v2\/types\/post"}],"author":[{"embeddable":true,"href":"https:\/\/www.reisetrottel.de\/index.php?rest_route=\/wp\/v2\/users\/2"}],"replies":[{"embeddable":true,"href":"https:\/\/www.reisetrottel.de\/index.php?rest_route=%2Fwp%2Fv2%2Fcomments&post=119"}],"version-history":[{"count":3,"href":"https:\/\/www.reisetrottel.de\/index.php?rest_route=\/wp\/v2\/posts\/119\/revisions"}],"predecessor-version":[{"id":885,"href":"https:\/\/www.reisetrottel.de\/index.php?rest_route=\/wp\/v2\/posts\/119\/revisions\/885"}],"wp:featuredmedia":[{"embeddable":true,"href":"https:\/\/www.reisetrottel.de\/index.php?rest_route=\/wp\/v2\/media\/146"}],"wp:attachment":[{"href":"https:\/\/www.reisetrottel.de\/index.php?rest_route=%2Fwp%2Fv2%2Fmedia&parent=119"}],"wp:term":[{"taxonomy":"category","embeddable":true,"href":"https:\/\/www.reisetrottel.de\/index.php?rest_route=%2Fwp%2Fv2%2Fcategories&post=119"},{"taxonomy":"post_tag","embeddable":true,"href":"https:\/\/www.reisetrottel.de\/index.php?rest_route=%2Fwp%2Fv2%2Ftags&post=119"}],"curies":[{"name":"wp","href":"https:\/\/api.w.org\/{rel}","templated":true}]}}