{"id":127,"date":"2013-08-02T12:55:40","date_gmt":"2013-08-02T10:55:40","guid":{"rendered":"http:\/\/beta.reisetrottel.de\/?p=127"},"modified":"2013-12-28T19:11:36","modified_gmt":"2013-12-28T17:11:36","slug":"lindenstrasse-vor-dem-aus","status":"publish","type":"post","link":"https:\/\/www.reisetrottel.de\/?p=127","title":{"rendered":"Lindenstrasse vor dem Aus ?"},"content":{"rendered":"<p>Nach 28 Jahren und 1438 Episoden tobt hinter den beschaulichen Kulissen des Fernseh-Klassikers eine Schlacht. Grund: Die \u201eLindenstra\u00dfe\u201c k\u00f6nnte weggespart werden!<\/p>\n<p><strong>Wer k\u00e4mpft gegen wen?<\/strong><\/p>\n<p>Auf der einen Seite: der WDR. Die ARD-Sendeanstalt produziert die \u201eLindenstra\u00dfe\u201c f\u00fcr 185\u2005000 Euro pro Folge. Doch die Quoten sinken. Fr\u00fcher sahen mehr als zehn Millionen Zuschauer zu, jetzt sind es noch etwa 2,9 Millionen. Dem WDR ist die \u201eLindenstra\u00dfe\u201c zu teuer\u2005&#8230;<\/p>\n<p>Auf der anderen Seite: Serien-Erfinder Hans W. Gei\u00dfend\u00f6rfer (72). Der TV-Macher will nicht noch mehr sparen! Gei\u00dfend\u00f6rfer bezahlt im n\u00e4chsten Jahr sogar aus eigener Tasche zwei Episoden (die der Sender aus Kostengr\u00fcnden streichen wollte). Ein einmaliger Vorgang im deutschen TV-Gesch\u00e4ft!<\/p>\n<p style=\"text-align: center;\"><a href=\"https:\/\/www.reisetrottel.de\/wp-content\/uploads\/2013\/08\/Lindi_retro.jpg\"><img loading=\"lazy\" decoding=\"async\" class=\"aligncenter  wp-image-900\" alt=\"Lindi_retro\" src=\"https:\/\/www.reisetrottel.de\/wp-content\/uploads\/2013\/08\/Lindi_retro.jpg\" width=\"800\" height=\"450\" srcset=\"https:\/\/www.reisetrottel.de\/wp-content\/uploads\/2013\/08\/Lindi_retro.jpg 650w, https:\/\/www.reisetrottel.de\/wp-content\/uploads\/2013\/08\/Lindi_retro-300x168.jpg 300w\" sizes=\"auto, (max-width: 800px) 100vw, 800px\" \/><\/a><\/p>\n<p><strong>Wie geht es weiter? <\/strong><\/p>\n<p>BILD erfuhr: Am 23. August tagt die ARD, ber\u00e4t auch \u00fcber die \u201eLindenstra\u00dfe\u201c. Der g\u00fcltige Vertrag l\u00e4uft bis 2014. Was danach geschieht ist noch nicht klar.<\/p>\n<p>\u201eWir haben keine Eile mit der Verl\u00e4ngerung,\u201c l\u00e4sst der WDR ausrichten.<\/p>\n<p>Wahrscheinlich ist ein Angebot f\u00fcr ein weiteres Jahr\u00a0 (bisher wurde stets f\u00fcr drei Jahre verl\u00e4ngert), bis 2015.\u00a0 Dann feiert die \u201eLindenstra\u00dfe\u201c 30. Jubil\u00e4um.<\/p>\n<p><strong>\u00dcbrigens: Am Sonntag f\u00e4llt die \u201eLindenstra\u00dfe\u201c aus. Wegen des Sparzwangs macht sie f\u00fcr eine Woche Sommerpause\u2005&#8230;<\/strong><\/p>\n","protected":false},"excerpt":{"rendered":"<p>Nach 28 Jahren und 1438 Episoden tobt hinter den beschaulichen Kulissen des Fernseh-Klassikers eine Schlacht. Grund: Die \u201eLindenstra\u00dfe\u201c k\u00f6nnte weggespart werden! Wer k\u00e4mpft gegen wen? Auf der einen Seite: der WDR. Die ARD-Sendeanstalt produziert die \u201eLindenstra\u00dfe\u201c f\u00fcr 185\u2005000 Euro pro Folge. Doch die Quoten sinken. Fr\u00fcher sahen mehr als zehn Millionen Zuschauer zu, jetzt sind <span class=\"ellipsis\">&hellip;<\/span> <span class=\"more-link-wrap\"><a href=\"https:\/\/www.reisetrottel.de\/?p=127\" class=\"more-link\"><span>Read More &rarr;<\/span><\/a><\/span><\/p>\n","protected":false},"author":2,"featured_media":142,"comment_status":"open","ping_status":"closed","sticky":false,"template":"","format":"standard","meta":{"ngg_post_thumbnail":0,"footnotes":""},"categories":[1,9],"tags":[53],"class_list":["post-127","post","type-post","status-publish","format-standard","has-post-thumbnail","hentry","category-allgemein","category-deutschland","tag-sonstiges"],"_links":{"self":[{"href":"https:\/\/www.reisetrottel.de\/index.php?rest_route=\/wp\/v2\/posts\/127","targetHints":{"allow":["GET"]}}],"collection":[{"href":"https:\/\/www.reisetrottel.de\/index.php?rest_route=\/wp\/v2\/posts"}],"about":[{"href":"https:\/\/www.reisetrottel.de\/index.php?rest_route=\/wp\/v2\/types\/post"}],"author":[{"embeddable":true,"href":"https:\/\/www.reisetrottel.de\/index.php?rest_route=\/wp\/v2\/users\/2"}],"replies":[{"embeddable":true,"href":"https:\/\/www.reisetrottel.de\/index.php?rest_route=%2Fwp%2Fv2%2Fcomments&post=127"}],"version-history":[{"count":2,"href":"https:\/\/www.reisetrottel.de\/index.php?rest_route=\/wp\/v2\/posts\/127\/revisions"}],"predecessor-version":[{"id":901,"href":"https:\/\/www.reisetrottel.de\/index.php?rest_route=\/wp\/v2\/posts\/127\/revisions\/901"}],"wp:featuredmedia":[{"embeddable":true,"href":"https:\/\/www.reisetrottel.de\/index.php?rest_route=\/wp\/v2\/media\/142"}],"wp:attachment":[{"href":"https:\/\/www.reisetrottel.de\/index.php?rest_route=%2Fwp%2Fv2%2Fmedia&parent=127"}],"wp:term":[{"taxonomy":"category","embeddable":true,"href":"https:\/\/www.reisetrottel.de\/index.php?rest_route=%2Fwp%2Fv2%2Fcategories&post=127"},{"taxonomy":"post_tag","embeddable":true,"href":"https:\/\/www.reisetrottel.de\/index.php?rest_route=%2Fwp%2Fv2%2Ftags&post=127"}],"curies":[{"name":"wp","href":"https:\/\/api.w.org\/{rel}","templated":true}]}}