{"id":161,"date":"2013-06-27T14:01:47","date_gmt":"2013-06-27T12:01:47","guid":{"rendered":"http:\/\/beta.reisetrottel.de\/?p=161"},"modified":"2013-12-30T18:33:26","modified_gmt":"2013-12-30T16:33:26","slug":"siebenschlaefer-40-grad","status":"publish","type":"post","link":"https:\/\/www.reisetrottel.de\/?p=161","title":{"rendered":"Siebenschl\u00e4fer ? 40 Grad !"},"content":{"rendered":"<p>Holger hat sicher schon SEIN Bild vermisst &#8211; was wir an dieser Stelle selbstverst\u00e4ndlich gerne nachholen. Um \u00fcber wesentliche Neuerungen hinsichtlich des Bar-Equipments zu berichten, bin ich leider diesmal quasi fehl am Platz.\u00a0Aber die Nachhut ist ja quasi on the way &#8230;<\/p>\n<p>Die Rechtsgemeinde ist heute auf Kaffeefahrt &#8211; Schmuckladen, Kleiderburg und wahrscheinlich mundgeblasene Gl\u00e4sermanufaktur. Schade das Madamme &#8222;Land und Leute&#8220; gar nicht so richtig deutsch sprach. Wie nennt man das dann ? Unterlassungsklage, oder eher doch Kategorie &#8222;grobe Fahrl\u00e4ssigkeit&#8220; ? Mal sehen, wie viele Kameldecken da des Nachmittags die Treppe runterwandern.<\/p>\n<p style=\"text-align: center;\"><a href=\"https:\/\/www.reisetrottel.de\/wp-content\/uploads\/2013\/06\/t21a.jpg\"><img loading=\"lazy\" decoding=\"async\" class=\"aligncenter  wp-image-934\" alt=\"t21a\" src=\"https:\/\/www.reisetrottel.de\/wp-content\/uploads\/2013\/06\/t21a.jpg\" width=\"800\" height=\"293\" srcset=\"https:\/\/www.reisetrottel.de\/wp-content\/uploads\/2013\/06\/t21a.jpg 635w, https:\/\/www.reisetrottel.de\/wp-content\/uploads\/2013\/06\/t21a-300x110.jpg 300w\" sizes=\"auto, (max-width: 800px) 100vw, 800px\" \/><\/a><\/p>\n<p>Mensch Toni, hast du es endlich ins Kreuswortr\u00e4tsel geschafft ! Wir freuen uns schon tierisch auf dein Schild an der kreatonischen Tauchbasis\u00a0&#8230; oder ist es nun doch aus Plastik geschnitzt ? Der erste fr\u00fch morgentliche Tauchgang (0,000 \u2030 !) ist jedenfalls auch absolviert und berechtigt nunmehr zum Wracktauchen (mit Markus &amp; Martin) am Samstag im Hafenbecken von Larnaca. Da liegt wohl auch noch der verschossene Elfmeter aus Minute 98, hm ?<\/p>\n<p>Heute oder morgen kommt die Lufthansa Erlebnis-Crew. Rainer weiss, wovon ich spreche. \u00dcblen Ger\u00fcchten zu Folge hat man sich letzten Winter im Hochk\u00f6nig\u00a0erstmal irreversiebles Hausverbot m\u00fchsam erarbeiten k\u00f6nnen &#8230;<\/p>\n<p style=\"text-align: center;\"><a href=\"https:\/\/www.reisetrottel.de\/wp-content\/uploads\/2013\/06\/t22b.jpg\"><img loading=\"lazy\" decoding=\"async\" class=\"aligncenter  wp-image-936\" alt=\"t22b\" src=\"https:\/\/www.reisetrottel.de\/wp-content\/uploads\/2013\/06\/t22b.jpg\" width=\"800\" height=\"278\" srcset=\"https:\/\/www.reisetrottel.de\/wp-content\/uploads\/2013\/06\/t22b.jpg 572w, https:\/\/www.reisetrottel.de\/wp-content\/uploads\/2013\/06\/t22b-300x104.jpg 300w\" sizes=\"auto, (max-width: 800px) 100vw, 800px\" \/><\/a><\/p>\n","protected":false},"excerpt":{"rendered":"<p>Holger hat sicher schon SEIN Bild vermisst &#8211; was wir an dieser Stelle selbstverst\u00e4ndlich gerne nachholen. Um \u00fcber wesentliche Neuerungen hinsichtlich des Bar-Equipments zu berichten, bin ich leider diesmal quasi fehl am Platz.\u00a0Aber die Nachhut ist ja quasi on the way &#8230; Die Rechtsgemeinde ist heute auf Kaffeefahrt &#8211; Schmuckladen, Kleiderburg und wahrscheinlich mundgeblasene Gl\u00e4sermanufaktur. <span class=\"ellipsis\">&hellip;<\/span> <span class=\"more-link-wrap\"><a href=\"https:\/\/www.reisetrottel.de\/?p=161\" class=\"more-link\"><span>Read More &rarr;<\/span><\/a><\/span><\/p>\n","protected":false},"author":3,"featured_media":192,"comment_status":"open","ping_status":"closed","sticky":false,"template":"","format":"standard","meta":{"ngg_post_thumbnail":0,"footnotes":""},"categories":[5,4,12],"tags":[46,35,100],"class_list":["post-161","post","type-post","status-publish","format-standard","has-post-thumbnail","hentry","category-nur-fuer-holger","category-sandstrand","category-zypern","tag-lewek","tag-tauchen","tag-zypern"],"_links":{"self":[{"href":"https:\/\/www.reisetrottel.de\/index.php?rest_route=\/wp\/v2\/posts\/161","targetHints":{"allow":["GET"]}}],"collection":[{"href":"https:\/\/www.reisetrottel.de\/index.php?rest_route=\/wp\/v2\/posts"}],"about":[{"href":"https:\/\/www.reisetrottel.de\/index.php?rest_route=\/wp\/v2\/types\/post"}],"author":[{"embeddable":true,"href":"https:\/\/www.reisetrottel.de\/index.php?rest_route=\/wp\/v2\/users\/3"}],"replies":[{"embeddable":true,"href":"https:\/\/www.reisetrottel.de\/index.php?rest_route=%2Fwp%2Fv2%2Fcomments&post=161"}],"version-history":[{"count":3,"href":"https:\/\/www.reisetrottel.de\/index.php?rest_route=\/wp\/v2\/posts\/161\/revisions"}],"predecessor-version":[{"id":935,"href":"https:\/\/www.reisetrottel.de\/index.php?rest_route=\/wp\/v2\/posts\/161\/revisions\/935"}],"wp:featuredmedia":[{"embeddable":true,"href":"https:\/\/www.reisetrottel.de\/index.php?rest_route=\/wp\/v2\/media\/192"}],"wp:attachment":[{"href":"https:\/\/www.reisetrottel.de\/index.php?rest_route=%2Fwp%2Fv2%2Fmedia&parent=161"}],"wp:term":[{"taxonomy":"category","embeddable":true,"href":"https:\/\/www.reisetrottel.de\/index.php?rest_route=%2Fwp%2Fv2%2Fcategories&post=161"},{"taxonomy":"post_tag","embeddable":true,"href":"https:\/\/www.reisetrottel.de\/index.php?rest_route=%2Fwp%2Fv2%2Ftags&post=161"}],"curies":[{"name":"wp","href":"https:\/\/api.w.org\/{rel}","templated":true}]}}