{"id":1663,"date":"2014-03-26T10:56:36","date_gmt":"2014-03-26T08:56:36","guid":{"rendered":"http:\/\/www.reisetrottel.de\/?p=1663"},"modified":"2014-03-26T10:58:37","modified_gmt":"2014-03-26T08:58:37","slug":"ich-hasse-verdi","status":"publish","type":"post","link":"https:\/\/www.reisetrottel.de\/?p=1663","title":{"rendered":"ich hasse verdi"},"content":{"rendered":"<p style=\"text-align: justify;\">grad die H\u00e4lfte der Bahnstrecke zwischen Ostsee und Mainmetropole absolviert, schl\u00e4gts bei n-tv schon wieder durch. Steikbeginn in FRA um 3:30h und zwar kr\u00e4ftig &#8211; 11 Stunden lang. Mein &#8222;roter Augen Bomber&#8220; um 7:20h nach London wird da wohl auf der Strecke bzw. am Boden bleiben. Wieder Umbuchen und dem Geld hinterherlaufen. Das dritte Mal in gut 12 Monaten.<\/p>\n<p style=\"text-align: justify;\">Ich hasse verdi &#8211; abgrundtief. Und zwar viel mehr als die deutsche Bahn, zumindest mehr als Uli Hoene\u00df und Klaus Zumwinkel zusammen &#8211; mitlerweile genauso sehr wie die gierigen B\u00e4nker der NORD-LB. Schamloses Gesindel &#8211; nicht nur weil sie als Vereinsfarben rot-weiss tragen. Aber deshalb nat\u00fcrlich auch.<\/p>\n<p style=\"text-align: justify;\"><a href=\"https:\/\/www.reisetrottel.de\/wp-content\/uploads\/2014\/03\/Streik_2.jpg\"><img loading=\"lazy\" decoding=\"async\" class=\"aligncenter size-full wp-image-1664\" alt=\"Streik_2\" src=\"https:\/\/www.reisetrottel.de\/wp-content\/uploads\/2014\/03\/Streik_2.jpg\" width=\"800\" height=\"321\" srcset=\"https:\/\/www.reisetrottel.de\/wp-content\/uploads\/2014\/03\/Streik_2.jpg 800w, https:\/\/www.reisetrottel.de\/wp-content\/uploads\/2014\/03\/Streik_2-300x120.jpg 300w\" sizes=\"auto, (max-width: 800px) 100vw, 800px\" \/><\/a>Nicht genug mit Streik am Flughafen. Nein, wir m\u00fcssen auch gleich noch die U- und Stra\u00dfenbahnen zur Commerzbank-Arena stillegen. Haben die roten Teufel eigentlich auch Zugriff auf die Golfpl\u00e4tze rund um Alcaidesa ?<\/p>\n","protected":false},"excerpt":{"rendered":"<p>grad die H\u00e4lfte der Bahnstrecke zwischen Ostsee und Mainmetropole absolviert, schl\u00e4gts bei n-tv schon wieder durch. Steikbeginn in FRA um 3:30h und zwar kr\u00e4ftig &#8211; 11 Stunden lang. Mein &#8222;roter Augen Bomber&#8220; um 7:20h nach London wird da wohl auf der Strecke bzw. am Boden bleiben. Wieder Umbuchen und dem Geld hinterherlaufen. Das dritte Mal <span class=\"ellipsis\">&hellip;<\/span> <span class=\"more-link-wrap\"><a href=\"https:\/\/www.reisetrottel.de\/?p=1663\" class=\"more-link\"><span>Read More &rarr;<\/span><\/a><\/span><\/p>\n","protected":false},"author":4,"featured_media":1666,"comment_status":"open","ping_status":"closed","sticky":false,"template":"","format":"standard","meta":{"ngg_post_thumbnail":0,"footnotes":""},"categories":[16,3],"tags":[114,53,36],"class_list":["post-1663","post","type-post","status-publish","format-standard","has-post-thumbnail","hentry","category-durstige-borussen","category-reisetrottel","tag-fusek","tag-sonstiges","tag-trottel"],"_links":{"self":[{"href":"https:\/\/www.reisetrottel.de\/index.php?rest_route=\/wp\/v2\/posts\/1663","targetHints":{"allow":["GET"]}}],"collection":[{"href":"https:\/\/www.reisetrottel.de\/index.php?rest_route=\/wp\/v2\/posts"}],"about":[{"href":"https:\/\/www.reisetrottel.de\/index.php?rest_route=\/wp\/v2\/types\/post"}],"author":[{"embeddable":true,"href":"https:\/\/www.reisetrottel.de\/index.php?rest_route=\/wp\/v2\/users\/4"}],"replies":[{"embeddable":true,"href":"https:\/\/www.reisetrottel.de\/index.php?rest_route=%2Fwp%2Fv2%2Fcomments&post=1663"}],"version-history":[{"count":2,"href":"https:\/\/www.reisetrottel.de\/index.php?rest_route=\/wp\/v2\/posts\/1663\/revisions"}],"predecessor-version":[{"id":1667,"href":"https:\/\/www.reisetrottel.de\/index.php?rest_route=\/wp\/v2\/posts\/1663\/revisions\/1667"}],"wp:featuredmedia":[{"embeddable":true,"href":"https:\/\/www.reisetrottel.de\/index.php?rest_route=\/wp\/v2\/media\/1666"}],"wp:attachment":[{"href":"https:\/\/www.reisetrottel.de\/index.php?rest_route=%2Fwp%2Fv2%2Fmedia&parent=1663"}],"wp:term":[{"taxonomy":"category","embeddable":true,"href":"https:\/\/www.reisetrottel.de\/index.php?rest_route=%2Fwp%2Fv2%2Fcategories&post=1663"},{"taxonomy":"post_tag","embeddable":true,"href":"https:\/\/www.reisetrottel.de\/index.php?rest_route=%2Fwp%2Fv2%2Ftags&post=1663"}],"curies":[{"name":"wp","href":"https:\/\/api.w.org\/{rel}","templated":true}]}}