{"id":254,"date":"2013-02-14T17:41:40","date_gmt":"2013-02-14T15:41:40","guid":{"rendered":"http:\/\/beta.reisetrottel.de\/?p=254"},"modified":"2014-01-03T18:51:15","modified_gmt":"2014-01-03T16:51:15","slug":"wir-sind-papst","status":"publish","type":"post","link":"https:\/\/www.reisetrottel.de\/?p=254","title":{"rendered":"Wir sind Papst ?"},"content":{"rendered":"<p>Nein ! Das war gestern. WIR SIND MISS ! Meck-Pomm souver\u00e4n zur Miss Aldiana auserkoren &#8230; auch dank der zahlreichen Ostsee-Stimmen nat\u00fcrlich &#8230; und in D\u00fcsseldorf wird gestreikt, klasse !\u00a0&#8211; gerade umgebucht nach Weeze &#8211; Europapokaaal &#8230; @Ante: Respekt &amp; Gl\u00fcck auf !<\/p>\n<p><a href=\"https:\/\/www.reisetrottel.de\/wp-content\/uploads\/2013\/02\/Mecki.jpg\"><img loading=\"lazy\" decoding=\"async\" class=\"aligncenter size-full wp-image-1050\" alt=\"Mecki\" src=\"https:\/\/www.reisetrottel.de\/wp-content\/uploads\/2013\/02\/Mecki.jpg\" width=\"800\" height=\"600\" srcset=\"https:\/\/www.reisetrottel.de\/wp-content\/uploads\/2013\/02\/Mecki.jpg 800w, https:\/\/www.reisetrottel.de\/wp-content\/uploads\/2013\/02\/Mecki-300x225.jpg 300w\" sizes=\"auto, (max-width: 800px) 100vw, 800px\" \/><\/a><\/p>\n","protected":false},"excerpt":{"rendered":"<p>Nein ! Das war gestern. WIR SIND MISS ! Meck-Pomm souver\u00e4n zur Miss Aldiana auserkoren &#8230; auch dank der zahlreichen Ostsee-Stimmen nat\u00fcrlich &#8230; und in D\u00fcsseldorf wird gestreikt, klasse !\u00a0&#8211; gerade umgebucht nach Weeze &#8211; Europapokaaal &#8230; @Ante: Respekt &amp; Gl\u00fcck auf !<\/p>\n","protected":false},"author":2,"featured_media":616,"comment_status":"open","ping_status":"closed","sticky":false,"template":"","format":"standard","meta":{"ngg_post_thumbnail":0,"footnotes":""},"categories":[4,10],"tags":[117,55],"class_list":["post-254","post","type-post","status-publish","format-standard","has-post-thumbnail","hentry","category-sandstrand","category-spanien","tag-fuerte","tag-hasies"],"_links":{"self":[{"href":"https:\/\/www.reisetrottel.de\/index.php?rest_route=\/wp\/v2\/posts\/254","targetHints":{"allow":["GET"]}}],"collection":[{"href":"https:\/\/www.reisetrottel.de\/index.php?rest_route=\/wp\/v2\/posts"}],"about":[{"href":"https:\/\/www.reisetrottel.de\/index.php?rest_route=\/wp\/v2\/types\/post"}],"author":[{"embeddable":true,"href":"https:\/\/www.reisetrottel.de\/index.php?rest_route=\/wp\/v2\/users\/2"}],"replies":[{"embeddable":true,"href":"https:\/\/www.reisetrottel.de\/index.php?rest_route=%2Fwp%2Fv2%2Fcomments&post=254"}],"version-history":[{"count":2,"href":"https:\/\/www.reisetrottel.de\/index.php?rest_route=\/wp\/v2\/posts\/254\/revisions"}],"predecessor-version":[{"id":1051,"href":"https:\/\/www.reisetrottel.de\/index.php?rest_route=\/wp\/v2\/posts\/254\/revisions\/1051"}],"wp:featuredmedia":[{"embeddable":true,"href":"https:\/\/www.reisetrottel.de\/index.php?rest_route=\/wp\/v2\/media\/616"}],"wp:attachment":[{"href":"https:\/\/www.reisetrottel.de\/index.php?rest_route=%2Fwp%2Fv2%2Fmedia&parent=254"}],"wp:term":[{"taxonomy":"category","embeddable":true,"href":"https:\/\/www.reisetrottel.de\/index.php?rest_route=%2Fwp%2Fv2%2Fcategories&post=254"},{"taxonomy":"post_tag","embeddable":true,"href":"https:\/\/www.reisetrottel.de\/index.php?rest_route=%2Fwp%2Fv2%2Ftags&post=254"}],"curies":[{"name":"wp","href":"https:\/\/api.w.org\/{rel}","templated":true}]}}