{"id":262,"date":"2013-02-06T17:57:34","date_gmt":"2013-02-06T15:57:34","guid":{"rendered":"http:\/\/beta.reisetrottel.de\/?p=262"},"modified":"2014-01-03T18:57:03","modified_gmt":"2014-01-03T16:57:03","slug":"die-miezies-sind-da","status":"publish","type":"post","link":"https:\/\/www.reisetrottel.de\/?p=262","title":{"rendered":"die Miezies sind da"},"content":{"rendered":"<p>neben den zahllosen Katzen st\u00f6ckeln hier nunmehr zwei Dutzend magers\u00fcchtige Am\u00f6ben durch die heiligen Hallen und Flure. Erste erkennbare Auswirkungen zeigen sich bereits an der wahrlosen Pl\u00fcnderung des Salatbuffets und den vermehrten Cola light Nachorderungen. Schwups, schon wieder zwei vorbeigeschwebt &#8230;<\/p>\n<p><a href=\"https:\/\/www.reisetrottel.de\/wp-content\/uploads\/2013\/02\/Bild-003.jpg\"><img loading=\"lazy\" decoding=\"async\" class=\"aligncenter size-full wp-image-1061\" alt=\"Bild-003\" src=\"https:\/\/www.reisetrottel.de\/wp-content\/uploads\/2013\/02\/Bild-003.jpg\" width=\"800\" height=\"600\" srcset=\"https:\/\/www.reisetrottel.de\/wp-content\/uploads\/2013\/02\/Bild-003.jpg 800w, https:\/\/www.reisetrottel.de\/wp-content\/uploads\/2013\/02\/Bild-003-300x225.jpg 300w\" sizes=\"auto, (max-width: 800px) 100vw, 800px\" \/><\/a><\/p>\n<p>Gestern wurden die 2-3 Meter hohen Wellen zum ersten Action-Tauchausflug genutzt. Ja, Atlantik is nich red see &#8211; bei der K\u00e4lte stockt einem in 27m Wassertiefe schon mal leicht der Atem &#8211; mir kam es so vor, dass\u00a0ich nun auch demn\u00e4chst eine 15l Flasche brauche ? Aber sch\u00f6nes Tauchrevier mit erstaunlich viel Fisch. Mein erster Hai war auch dabei &#8211; ein Engelshai, zugegeben, sieht aus wie ein Rochen. Aber egal, hauptsache Hai !!!<\/p>\n<p><a href=\"https:\/\/www.reisetrottel.de\/wp-content\/uploads\/2013\/02\/IMG_3298.jpg\"><img loading=\"lazy\" decoding=\"async\" class=\"aligncenter size-full wp-image-1062\" alt=\"IMG_3298\" src=\"https:\/\/www.reisetrottel.de\/wp-content\/uploads\/2013\/02\/IMG_3298.jpg\" width=\"800\" height=\"450\" srcset=\"https:\/\/www.reisetrottel.de\/wp-content\/uploads\/2013\/02\/IMG_3298.jpg 800w, https:\/\/www.reisetrottel.de\/wp-content\/uploads\/2013\/02\/IMG_3298-300x168.jpg 300w\" sizes=\"auto, (max-width: 800px) 100vw, 800px\" \/><\/a><\/p>\n<p>Strandbar ab 11:30h wie immer, Eros nach dem fettigen Fr\u00fchst\u00fcck und anschlie\u00dfend den einen oder anderen Zwischenstreuer &#8230;<\/p>\n<p><a href=\"https:\/\/www.reisetrottel.de\/wp-content\/uploads\/2013\/02\/IMG_3297.jpg\"><img loading=\"lazy\" decoding=\"async\" class=\"aligncenter size-full wp-image-1063\" alt=\"IMG_3297\" src=\"https:\/\/www.reisetrottel.de\/wp-content\/uploads\/2013\/02\/IMG_3297.jpg\" width=\"800\" height=\"450\" srcset=\"https:\/\/www.reisetrottel.de\/wp-content\/uploads\/2013\/02\/IMG_3297.jpg 800w, https:\/\/www.reisetrottel.de\/wp-content\/uploads\/2013\/02\/IMG_3297-300x168.jpg 300w\" sizes=\"auto, (max-width: 800px) 100vw, 800px\" \/><\/a><\/p>\n","protected":false},"excerpt":{"rendered":"<p>neben den zahllosen Katzen st\u00f6ckeln hier nunmehr zwei Dutzend magers\u00fcchtige Am\u00f6ben durch die heiligen Hallen und Flure. Erste erkennbare Auswirkungen zeigen sich bereits an der wahrlosen Pl\u00fcnderung des Salatbuffets und den vermehrten Cola light Nachorderungen. Schwups, schon wieder zwei vorbeigeschwebt &#8230; Gestern wurden die 2-3 Meter hohen Wellen zum ersten Action-Tauchausflug genutzt. Ja, Atlantik is <span class=\"ellipsis\">&hellip;<\/span> <span class=\"more-link-wrap\"><a href=\"https:\/\/www.reisetrottel.de\/?p=262\" class=\"more-link\"><span>Read More &rarr;<\/span><\/a><\/span><\/p>\n","protected":false},"author":2,"featured_media":611,"comment_status":"open","ping_status":"closed","sticky":false,"template":"","format":"standard","meta":{"ngg_post_thumbnail":0,"footnotes":""},"categories":[4,10],"tags":[117],"class_list":["post-262","post","type-post","status-publish","format-standard","has-post-thumbnail","hentry","category-sandstrand","category-spanien","tag-fuerte"],"_links":{"self":[{"href":"https:\/\/www.reisetrottel.de\/index.php?rest_route=\/wp\/v2\/posts\/262","targetHints":{"allow":["GET"]}}],"collection":[{"href":"https:\/\/www.reisetrottel.de\/index.php?rest_route=\/wp\/v2\/posts"}],"about":[{"href":"https:\/\/www.reisetrottel.de\/index.php?rest_route=\/wp\/v2\/types\/post"}],"author":[{"embeddable":true,"href":"https:\/\/www.reisetrottel.de\/index.php?rest_route=\/wp\/v2\/users\/2"}],"replies":[{"embeddable":true,"href":"https:\/\/www.reisetrottel.de\/index.php?rest_route=%2Fwp%2Fv2%2Fcomments&post=262"}],"version-history":[{"count":2,"href":"https:\/\/www.reisetrottel.de\/index.php?rest_route=\/wp\/v2\/posts\/262\/revisions"}],"predecessor-version":[{"id":1064,"href":"https:\/\/www.reisetrottel.de\/index.php?rest_route=\/wp\/v2\/posts\/262\/revisions\/1064"}],"wp:featuredmedia":[{"embeddable":true,"href":"https:\/\/www.reisetrottel.de\/index.php?rest_route=\/wp\/v2\/media\/611"}],"wp:attachment":[{"href":"https:\/\/www.reisetrottel.de\/index.php?rest_route=%2Fwp%2Fv2%2Fmedia&parent=262"}],"wp:term":[{"taxonomy":"category","embeddable":true,"href":"https:\/\/www.reisetrottel.de\/index.php?rest_route=%2Fwp%2Fv2%2Fcategories&post=262"},{"taxonomy":"post_tag","embeddable":true,"href":"https:\/\/www.reisetrottel.de\/index.php?rest_route=%2Fwp%2Fv2%2Ftags&post=262"}],"curies":[{"name":"wp","href":"https:\/\/api.w.org\/{rel}","templated":true}]}}