{"id":264,"date":"2013-02-03T17:58:31","date_gmt":"2013-02-03T15:58:31","guid":{"rendered":"http:\/\/beta.reisetrottel.de\/?p=264"},"modified":"2014-01-03T18:58:36","modified_gmt":"2014-01-03T16:58:36","slug":"tequila-und-kleiderschraenke","status":"publish","type":"post","link":"https:\/\/www.reisetrottel.de\/?p=264","title":{"rendered":"Tequila und Kleiderschraenke"},"content":{"rendered":"<p>noch gibt&#8217;s nix wirklich spektakul\u00e4res zu berichten. 2 Tage Sonne &#8211; heute bew\u00f6lkt, egal ist eh Borussia day ! sky auf dem Zimmer und an der Poolbar &#8211; was will man mehr. Noch 2 Stunden Strandbar (ein richtig geiles Fleckchen) , den einen oder anderen Zotti on Eis und ab daf\u00fcr &#8230;<\/p>\n<p><a href=\"https:\/\/www.reisetrottel.de\/wp-content\/uploads\/2013\/02\/IMG_3282.jpg\"><img loading=\"lazy\" decoding=\"async\" class=\"aligncenter size-full wp-image-1065\" alt=\"IMG_3282\" src=\"https:\/\/www.reisetrottel.de\/wp-content\/uploads\/2013\/02\/IMG_3282.jpg\" width=\"800\" height=\"450\" srcset=\"https:\/\/www.reisetrottel.de\/wp-content\/uploads\/2013\/02\/IMG_3282.jpg 800w, https:\/\/www.reisetrottel.de\/wp-content\/uploads\/2013\/02\/IMG_3282-300x168.jpg 300w\" sizes=\"auto, (max-width: 800px) 100vw, 800px\" \/><\/a><\/p>\n<p>Dem Leweck-Clan wurde gestern dann auch der Bungalow mit Schnapszahl zugeteilt, da gab&#8217;s doch bereits die erste \u00dcberraschung: Ist\u00a0der Kleiderschrank vieeel zu klein &#8211; f\u00fcr eine Person wohlgemerkt. Wir m\u00e4nnlichen Sexismus-Terroristen leben fortan aus&#8217;m Koffer. Herr Niebel f\u00fchlt sich bel\u00e4stigt ? Aha, ich auch ! Zumal wir in den zusammengeschobenen Betten mitlerweile noch ein Findelkind namens Bailey (Katze) tags und nachts betreuen d\u00fcrfen. Kann&#8217;s noch ein Zwegkaninchen sein, dem ich Salatreste nach dem Abendbuffet besorgen soll ?<\/p>\n<p><a href=\"https:\/\/www.reisetrottel.de\/wp-content\/uploads\/2013\/02\/IMG_3290.jpg\"><img loading=\"lazy\" decoding=\"async\" class=\"aligncenter size-full wp-image-1066\" alt=\"IMG_3290\" src=\"https:\/\/www.reisetrottel.de\/wp-content\/uploads\/2013\/02\/IMG_3290.jpg\" width=\"800\" height=\"450\" srcset=\"https:\/\/www.reisetrottel.de\/wp-content\/uploads\/2013\/02\/IMG_3290.jpg 800w, https:\/\/www.reisetrottel.de\/wp-content\/uploads\/2013\/02\/IMG_3290-300x168.jpg 300w\" sizes=\"auto, (max-width: 800px) 100vw, 800px\" \/><\/a><\/p>\n<p>Da hilft frauenseitig nur noch viel Schnaps, wie sich gestern gleich dokumentieren lie\u00df. Ob das nun demn\u00e4chst zu weniger shopping-Alarm Richtung Strandpromenade f\u00fchrt bleibt vorerst abzuwarten. Tendenzen gibt es bereits. Der hiesige Golfplatz &#8211; viel sch\u00f6ner als die am Flughafen &#8211; sieht gut aus, ist aber immer noch geschlossen. Ja, es wird ein anstrengender Weg Richtung EUROPAPOKAL &#8230;.<\/p>\n<p><a href=\"https:\/\/www.reisetrottel.de\/wp-content\/uploads\/2013\/02\/IMG_3287.jpg\"><img loading=\"lazy\" decoding=\"async\" class=\"aligncenter size-full wp-image-1068\" alt=\"IMG_3287\" src=\"https:\/\/www.reisetrottel.de\/wp-content\/uploads\/2013\/02\/IMG_3287.jpg\" width=\"800\" height=\"450\" srcset=\"https:\/\/www.reisetrottel.de\/wp-content\/uploads\/2013\/02\/IMG_3287.jpg 800w, https:\/\/www.reisetrottel.de\/wp-content\/uploads\/2013\/02\/IMG_3287-300x168.jpg 300w\" sizes=\"auto, (max-width: 800px) 100vw, 800px\" \/><\/a><\/p>\n","protected":false},"excerpt":{"rendered":"<p>noch gibt&#8217;s nix wirklich spektakul\u00e4res zu berichten. 2 Tage Sonne &#8211; heute bew\u00f6lkt, egal ist eh Borussia day ! sky auf dem Zimmer und an der Poolbar &#8211; was will man mehr. Noch 2 Stunden Strandbar (ein richtig geiles Fleckchen) , den einen oder anderen Zotti on Eis und ab daf\u00fcr &#8230; Dem Leweck-Clan wurde <span class=\"ellipsis\">&hellip;<\/span> <span class=\"more-link-wrap\"><a href=\"https:\/\/www.reisetrottel.de\/?p=264\" class=\"more-link\"><span>Read More &rarr;<\/span><\/a><\/span><\/p>\n","protected":false},"author":4,"featured_media":610,"comment_status":"open","ping_status":"closed","sticky":false,"template":"","format":"standard","meta":{"ngg_post_thumbnail":0,"footnotes":""},"categories":[4,10],"tags":[39,117,116,55],"class_list":["post-264","post","type-post","status-publish","format-standard","has-post-thumbnail","hentry","category-sandstrand","category-spanien","tag-aldiana","tag-fuerte","tag-golf","tag-hasies"],"_links":{"self":[{"href":"https:\/\/www.reisetrottel.de\/index.php?rest_route=\/wp\/v2\/posts\/264","targetHints":{"allow":["GET"]}}],"collection":[{"href":"https:\/\/www.reisetrottel.de\/index.php?rest_route=\/wp\/v2\/posts"}],"about":[{"href":"https:\/\/www.reisetrottel.de\/index.php?rest_route=\/wp\/v2\/types\/post"}],"author":[{"embeddable":true,"href":"https:\/\/www.reisetrottel.de\/index.php?rest_route=\/wp\/v2\/users\/4"}],"replies":[{"embeddable":true,"href":"https:\/\/www.reisetrottel.de\/index.php?rest_route=%2Fwp%2Fv2%2Fcomments&post=264"}],"version-history":[{"count":3,"href":"https:\/\/www.reisetrottel.de\/index.php?rest_route=\/wp\/v2\/posts\/264\/revisions"}],"predecessor-version":[{"id":1069,"href":"https:\/\/www.reisetrottel.de\/index.php?rest_route=\/wp\/v2\/posts\/264\/revisions\/1069"}],"wp:featuredmedia":[{"embeddable":true,"href":"https:\/\/www.reisetrottel.de\/index.php?rest_route=\/wp\/v2\/media\/610"}],"wp:attachment":[{"href":"https:\/\/www.reisetrottel.de\/index.php?rest_route=%2Fwp%2Fv2%2Fmedia&parent=264"}],"wp:term":[{"taxonomy":"category","embeddable":true,"href":"https:\/\/www.reisetrottel.de\/index.php?rest_route=%2Fwp%2Fv2%2Fcategories&post=264"},{"taxonomy":"post_tag","embeddable":true,"href":"https:\/\/www.reisetrottel.de\/index.php?rest_route=%2Fwp%2Fv2%2Ftags&post=264"}],"curies":[{"name":"wp","href":"https:\/\/api.w.org\/{rel}","templated":true}]}}