{"id":266,"date":"2013-02-01T17:59:30","date_gmt":"2013-02-01T15:59:30","guid":{"rendered":"http:\/\/beta.reisetrottel.de\/?p=266"},"modified":"2014-01-03T18:59:42","modified_gmt":"2014-01-03T16:59:42","slug":"angekommen-egal-wie","status":"publish","type":"post","link":"https:\/\/www.reisetrottel.de\/?p=266","title":{"rendered":"angekommen &#8211; egal wie"},"content":{"rendered":"<p>Gladbachschal h\u00e4ngt auf dem Balkon, allet chic ! Sch\u00f6n, dass es hier wieder reichlich Sekt und diverse Mischgetr\u00e4nke gibt, ohne dass man sich morgens Sorgen um\u00a0 Blindheit und Kopfgedr\u00f6hne machen muss. Zigaretten eingekauft, Baileys auch &#8211; und die ersten 35h Stunden war wettertechnisch auch OK. Sch\u00f6n, dass man den Namen Lebrecht hier so gar nicht kennt &#8230;. hm ? Da gabs doch grad Zelte bei Aldi im Sonderangebot &#8230;<\/p>\n<p><a href=\"https:\/\/www.reisetrottel.de\/wp-content\/uploads\/2013\/02\/IMG_3279.jpg\"><img loading=\"lazy\" decoding=\"async\" class=\"aligncenter size-full wp-image-1070\" alt=\"IMG_3279\" src=\"https:\/\/www.reisetrottel.de\/wp-content\/uploads\/2013\/02\/IMG_3279.jpg\" width=\"800\" height=\"450\" srcset=\"https:\/\/www.reisetrottel.de\/wp-content\/uploads\/2013\/02\/IMG_3279.jpg 800w, https:\/\/www.reisetrottel.de\/wp-content\/uploads\/2013\/02\/IMG_3279-300x168.jpg 300w\" sizes=\"auto, (max-width: 800px) 100vw, 800px\" \/><\/a><\/p>\n","protected":false},"excerpt":{"rendered":"<p>Gladbachschal h\u00e4ngt auf dem Balkon, allet chic ! Sch\u00f6n, dass es hier wieder reichlich Sekt und diverse Mischgetr\u00e4nke gibt, ohne dass man sich morgens Sorgen um\u00a0 Blindheit und Kopfgedr\u00f6hne machen muss. Zigaretten eingekauft, Baileys auch &#8211; und die ersten 35h Stunden war wettertechnisch auch OK. Sch\u00f6n, dass man den Namen Lebrecht hier so gar nicht <span class=\"ellipsis\">&hellip;<\/span> <span class=\"more-link-wrap\"><a href=\"https:\/\/www.reisetrottel.de\/?p=266\" class=\"more-link\"><span>Read More &rarr;<\/span><\/a><\/span><\/p>\n","protected":false},"author":2,"featured_media":609,"comment_status":"open","ping_status":"closed","sticky":false,"template":"","format":"standard","meta":{"ngg_post_thumbnail":0,"footnotes":""},"categories":[4,10],"tags":[117],"class_list":["post-266","post","type-post","status-publish","format-standard","has-post-thumbnail","hentry","category-sandstrand","category-spanien","tag-fuerte"],"_links":{"self":[{"href":"https:\/\/www.reisetrottel.de\/index.php?rest_route=\/wp\/v2\/posts\/266","targetHints":{"allow":["GET"]}}],"collection":[{"href":"https:\/\/www.reisetrottel.de\/index.php?rest_route=\/wp\/v2\/posts"}],"about":[{"href":"https:\/\/www.reisetrottel.de\/index.php?rest_route=\/wp\/v2\/types\/post"}],"author":[{"embeddable":true,"href":"https:\/\/www.reisetrottel.de\/index.php?rest_route=\/wp\/v2\/users\/2"}],"replies":[{"embeddable":true,"href":"https:\/\/www.reisetrottel.de\/index.php?rest_route=%2Fwp%2Fv2%2Fcomments&post=266"}],"version-history":[{"count":2,"href":"https:\/\/www.reisetrottel.de\/index.php?rest_route=\/wp\/v2\/posts\/266\/revisions"}],"predecessor-version":[{"id":1071,"href":"https:\/\/www.reisetrottel.de\/index.php?rest_route=\/wp\/v2\/posts\/266\/revisions\/1071"}],"wp:featuredmedia":[{"embeddable":true,"href":"https:\/\/www.reisetrottel.de\/index.php?rest_route=\/wp\/v2\/media\/609"}],"wp:attachment":[{"href":"https:\/\/www.reisetrottel.de\/index.php?rest_route=%2Fwp%2Fv2%2Fmedia&parent=266"}],"wp:term":[{"taxonomy":"category","embeddable":true,"href":"https:\/\/www.reisetrottel.de\/index.php?rest_route=%2Fwp%2Fv2%2Fcategories&post=266"},{"taxonomy":"post_tag","embeddable":true,"href":"https:\/\/www.reisetrottel.de\/index.php?rest_route=%2Fwp%2Fv2%2Ftags&post=266"}],"curies":[{"name":"wp","href":"https:\/\/api.w.org\/{rel}","templated":true}]}}