{"id":4106,"date":"2014-05-27T03:44:28","date_gmt":"2014-05-27T01:44:28","guid":{"rendered":"http:\/\/www.reisetrottel.de\/?p=4106"},"modified":"2014-05-27T03:57:21","modified_gmt":"2014-05-27T01:57:21","slug":"4106","status":"publish","type":"post","link":"https:\/\/www.reisetrottel.de\/?p=4106","title":{"rendered":"\u00fcber den Wolken"},"content":{"rendered":"<p style=\"text-align: justify;\">in den ersten 14 Tagen meines gestressten Fan-Daseins habe ich bereits die ersten 9 von 27 Fl\u00fcgen hinter mich gebracht. Dabei wurden meinerseits mit den zwei gr\u00f6\u00dften brasilianischen Airports per Zwischenstopp\u00a0die ersten, wenn auch nur zarten Beziehungen aufgenommen. Schatz &#8211; wir sehen\u00a0uns ja noch \u00f6fter. Grund genug, mal einiges aufzuarbeiten.<\/p>\n<p><a href=\"https:\/\/www.reisetrottel.de\/wp-content\/uploads\/2014\/05\/IGU_PIC_32.jpg\"><img loading=\"lazy\" decoding=\"async\" class=\"aligncenter size-full wp-image-4107\" src=\"https:\/\/www.reisetrottel.de\/wp-content\/uploads\/2014\/05\/IGU_PIC_32.jpg\" alt=\"IGU_PIC_32\" width=\"800\" height=\"376\" srcset=\"https:\/\/www.reisetrottel.de\/wp-content\/uploads\/2014\/05\/IGU_PIC_32.jpg 800w, https:\/\/www.reisetrottel.de\/wp-content\/uploads\/2014\/05\/IGU_PIC_32-300x141.jpg 300w\" sizes=\"auto, (max-width: 800px) 100vw, 800px\" \/><\/a><\/p>\n<p style=\"text-align: justify;\">1. Chaos und Unp\u00fcnktlichkeit<\/p>\n<p style=\"text-align: justify;\">Alles Quatsch. Auch wenn Levine &#8211; US-amerikanischer Psychologieprofessor &#8211; in seiner Abhandlung &#8222;Lebenstempo&#8220; die Brasilianer gerade in der Gehgeschwindigkeit weit hinten sieht\u00a0 &#8211;\u00a0im Mittel 62 Minuten zu sp\u00e4t zum Mittagessen \u00a0&#8211; ins Flugzeug einsteigen k\u00f6nnen sie. Und zwar fix. Leider sind die Ansagen &#8211; wenn \u00fcberhaupt mal in Englisch &#8211; in brasilianischem Englisch. V\u00f6llig unverst\u00e4ndlich. Man lebt aber (nicht nur als Gringo) von genau diesen Ansagen, da die Anzeigetafeln meist nicht funktionieren bzw. Fl\u00fcge vom Vortag anzeigen. In Sao Paulo gerade noch das Wort &#8222;Grandiii&#8220; und &#8222;ey tres&#8220; wahrgenommen. Aha nach Campo Grande Ausgang A3.<\/p>\n<p style=\"text-align: justify;\">Rainer ! herzlichen Gl\u00fcckwunsch zum Geburtstag &#8230; na Dich h\u00e4tt ich hier mal erleben d\u00fcrfen, take care Alter<\/p>\n<p style=\"text-align: justify;\">Daf\u00fcr &#8211; bis dato, also vor-WMtlich &#8211; alles p\u00fcnktlich. So ziemlich like\u00a0 in Alemanha. Bei unseren Flugpl\u00e4nen der n\u00e4chsten Wochen ist das auch bitte mehr als n\u00f6tig, da wir einige Zwischenstopps nur mit 60 Minuten kalkuliert haben. Mister Reisetrottel-Spitzenreiter wird in einem avisierten Feldversuch diese M\u00f6glichkeit am Stadtflughafen Sao Paulo gleich morgen testen d\u00fcrfen. Mal sehn &#8230; ich glaub ja noch an L\u00e4nderspiele !<\/p>\n<p><a href=\"https:\/\/www.reisetrottel.de\/wp-content\/uploads\/2014\/05\/IGU_Abflug_Tam.jpg\"><img loading=\"lazy\" decoding=\"async\" class=\"aligncenter size-full wp-image-4109\" src=\"https:\/\/www.reisetrottel.de\/wp-content\/uploads\/2014\/05\/IGU_Abflug_Tam.jpg\" alt=\"IGU_Abflug_Tam\" width=\"800\" height=\"446\" srcset=\"https:\/\/www.reisetrottel.de\/wp-content\/uploads\/2014\/05\/IGU_Abflug_Tam.jpg 800w, https:\/\/www.reisetrottel.de\/wp-content\/uploads\/2014\/05\/IGU_Abflug_Tam-300x167.jpg 300w\" sizes=\"auto, (max-width: 800px) 100vw, 800px\" \/><\/a><\/p>\n<p>2. Der brasilianische Flugpassagier<\/p>\n<p style=\"text-align: justify;\">BRA-PAX genannt, wir reisen ja schlie\u00dflich mit travel agent identity card. W\u00e4hrend sich also der Kolumbianer bekreuzigt, hustet der BRA-PAX ununterbrochen. Wahrscheinlich hat er nicht die\u00a03-Wetter-Taft Werbung verinnerlicht und in Geographie lange und ausgiebig gepennt. Beides kombiniert w\u00fcrde bei ihm n\u00e4mlich zu der Erkenntnis reifen, dass sich das Wetter zwischen Einstieg und Ausstieg auch mal \u00e4ndern kann. Ganz so wie in Alcaidesa, Ich sage nur Block 18.<\/p>\n<p style=\"text-align: justify;\">Wenn der Cariocas, so wie er gelegentlich Einkaufen geht &#8211; also mit halbnasser Badehose, Hawaianas und T-Shirt l\u00e4ssig \u00fcber der Schulter in RIO einsteigt und in Porto Alegre wieder aussteigt, wird er krank. 100%ig ! Man, unsere M\u00e4dels\u00a0 gehen doch in Hurghada im Februar auch nicht mit &#8217;nem Tanga an Board, um sich dann in Sch\u00f6nefeld\u00a0durch den Schnee zu robben &#8211; beim Auto suchen.<\/p>\n<p style=\"text-align: justify;\">Am Rande: Raucherbereiche in brasilianischen Flugh\u00e4fen gibt es schlicht nicht &#8211; jegliches flehentliche Fragen oder unterversorgtes Umherirren ist zwecklos. Entweder erneuter Sicherheitscheck oder Nada Nicotinos.\u00a0<a href=\"https:\/\/www.reisetrottel.de\/wp-content\/uploads\/2014\/05\/IGU_PIC_33.jpg\"><img loading=\"lazy\" decoding=\"async\" class=\"aligncenter size-full wp-image-4108\" src=\"https:\/\/www.reisetrottel.de\/wp-content\/uploads\/2014\/05\/IGU_PIC_33.jpg\" alt=\"IGU_PIC_33\" width=\"800\" height=\"417\" srcset=\"https:\/\/www.reisetrottel.de\/wp-content\/uploads\/2014\/05\/IGU_PIC_33.jpg 800w, https:\/\/www.reisetrottel.de\/wp-content\/uploads\/2014\/05\/IGU_PIC_33-300x156.jpg 300w\" sizes=\"auto, (max-width: 800px) 100vw, 800px\" \/><\/a><\/p>\n<p style=\"text-align: justify;\">Und: Der Brasilianer an sich, und damit meine ich nicht nur die M\u00e4nner, ist nicht so knackig braun\u00a0und schlank &#8211; wie h\u00e4ufig dargestellt. Eher fett. Ich vermute mal aus ersten Beobachtungen, die saufen mehr kaltes Bier &#8211; verglichen mit uns Gringos jedenfalls. Die Fohlen-Fans auf Gladbacher Europapokal Ausw\u00e4rtshappenings sind von diesem Vergleich allerdings ausdr\u00fccklich ausgenommen.<\/p>\n<p>Schnell zwei Dinge noch bevor wir wieder landen (bottom line): In Sao Paulo schien der Verkehr von oben recht fl\u00fcssig. Entweder der Streik der Busfahrer wurde j\u00e4h beendet oder ?\u00a0 &#8230; ich war gar nicht in Sao Paulo.<\/p>\n<p><a href=\"https:\/\/www.reisetrottel.de\/wp-content\/uploads\/2014\/05\/IGU_Abflug_FF.jpg\"><img loading=\"lazy\" decoding=\"async\" class=\"aligncenter size-full wp-image-4110\" src=\"https:\/\/www.reisetrottel.de\/wp-content\/uploads\/2014\/05\/IGU_Abflug_FF.jpg\" alt=\"IGU_Abflug_FF\" width=\"800\" height=\"408\" srcset=\"https:\/\/www.reisetrottel.de\/wp-content\/uploads\/2014\/05\/IGU_Abflug_FF.jpg 800w, https:\/\/www.reisetrottel.de\/wp-content\/uploads\/2014\/05\/IGU_Abflug_FF-300x153.jpg 300w\" sizes=\"auto, (max-width: 800px) 100vw, 800px\" \/><\/a><\/p>\n<p>Und: Nix &#8211; au\u00dfer, dass man beim Einstieg jetzt virtuelle Tore schie\u00dfen muss &#8211; deutet bis dato an den Flugh\u00e4fen auf ein grandioses Fu\u00dfballfest hin. Entweder es ist wirklich noch etwas fr\u00fch oder ? &#8230; ich bin von Bogota zu weit geflogen.<\/p>\n","protected":false},"excerpt":{"rendered":"<p>in den ersten 14 Tagen meines gestressten Fan-Daseins habe ich bereits die ersten 9 von 27 Fl\u00fcgen hinter mich gebracht. Dabei wurden meinerseits mit den zwei gr\u00f6\u00dften brasilianischen Airports per Zwischenstopp\u00a0die ersten, wenn auch nur zarten Beziehungen aufgenommen. Schatz &#8211; wir sehen\u00a0uns ja noch \u00f6fter. Grund genug, mal einiges aufzuarbeiten. 1. Chaos und Unp\u00fcnktlichkeit Alles <span class=\"ellipsis\">&hellip;<\/span> <span class=\"more-link-wrap\"><a href=\"https:\/\/www.reisetrottel.de\/?p=4106\" class=\"more-link\"><span>Read More &rarr;<\/span><\/a><\/span><\/p>\n","protected":false},"author":4,"featured_media":4112,"comment_status":"open","ping_status":"closed","sticky":false,"template":"","format":"standard","meta":{"ngg_post_thumbnail":0,"footnotes":""},"categories":[20,3],"tags":[118],"class_list":["post-4106","post","type-post","status-publish","format-standard","has-post-thumbnail","hentry","category-brasilien","category-reisetrottel","tag-wm2014"],"_links":{"self":[{"href":"https:\/\/www.reisetrottel.de\/index.php?rest_route=\/wp\/v2\/posts\/4106","targetHints":{"allow":["GET"]}}],"collection":[{"href":"https:\/\/www.reisetrottel.de\/index.php?rest_route=\/wp\/v2\/posts"}],"about":[{"href":"https:\/\/www.reisetrottel.de\/index.php?rest_route=\/wp\/v2\/types\/post"}],"author":[{"embeddable":true,"href":"https:\/\/www.reisetrottel.de\/index.php?rest_route=\/wp\/v2\/users\/4"}],"replies":[{"embeddable":true,"href":"https:\/\/www.reisetrottel.de\/index.php?rest_route=%2Fwp%2Fv2%2Fcomments&post=4106"}],"version-history":[{"count":10,"href":"https:\/\/www.reisetrottel.de\/index.php?rest_route=\/wp\/v2\/posts\/4106\/revisions"}],"predecessor-version":[{"id":4122,"href":"https:\/\/www.reisetrottel.de\/index.php?rest_route=\/wp\/v2\/posts\/4106\/revisions\/4122"}],"wp:featuredmedia":[{"embeddable":true,"href":"https:\/\/www.reisetrottel.de\/index.php?rest_route=\/wp\/v2\/media\/4112"}],"wp:attachment":[{"href":"https:\/\/www.reisetrottel.de\/index.php?rest_route=%2Fwp%2Fv2%2Fmedia&parent=4106"}],"wp:term":[{"taxonomy":"category","embeddable":true,"href":"https:\/\/www.reisetrottel.de\/index.php?rest_route=%2Fwp%2Fv2%2Fcategories&post=4106"},{"taxonomy":"post_tag","embeddable":true,"href":"https:\/\/www.reisetrottel.de\/index.php?rest_route=%2Fwp%2Fv2%2Ftags&post=4106"}],"curies":[{"name":"wp","href":"https:\/\/api.w.org\/{rel}","templated":true}]}}