{"id":413,"date":"2012-06-25T00:11:31","date_gmt":"2012-06-24T22:11:31","guid":{"rendered":"http:\/\/beta.reisetrottel.de\/?p=413"},"modified":"2014-02-28T14:40:30","modified_gmt":"2014-02-28T12:40:30","slug":"happy-birthday-lilli","status":"publish","type":"post","link":"https:\/\/www.reisetrottel.de\/?p=413","title":{"rendered":"happy birthday, Lilli"},"content":{"rendered":"<p>trotz m\u00e4chtiger helenisch herr\u00fchrender Kopfschmerzen und ? nat\u00fcrlich wieder mal verpennt ! sind wir entspannt angekommen. Allet chic, Bilder gibts ab Mittwoch &#8211; \u00a0nur so viel sei verraten: hier brodelts bei 36 Grad (naja fast). Auch die Tippgemeinschaft &#8222;Ostkurve&#8220; hat sich mittlerweile\u00a0 deutlich nach vorne getastet und im VF schon verloren gegangenen Boden gutgemacht. Beste Aussichten auf ein verlockendes Finale Grande con Marco ! Was les&#8216; ich da in der BILD: Skandal ! Die ARD verzichtet wegen Olympia das erste Mal seit 26 Jahren auf die Ausstrahlung zweier Lindi-Folgen &#8230; Mit Zorro w\u00e4r&#8216; das freilich nicht passiert &#8211; unfassbar.<\/p>\n","protected":false},"excerpt":{"rendered":"<p>trotz m\u00e4chtiger helenisch herr\u00fchrender Kopfschmerzen und ? nat\u00fcrlich wieder mal verpennt ! sind wir entspannt angekommen. Allet chic, Bilder gibts ab Mittwoch &#8211; \u00a0nur so viel sei verraten: hier brodelts bei 36 Grad (naja fast). Auch die Tippgemeinschaft &#8222;Ostkurve&#8220; hat sich mittlerweile\u00a0 deutlich nach vorne getastet und im VF schon verloren gegangenen Boden gutgemacht. Beste <span class=\"ellipsis\">&hellip;<\/span> <span class=\"more-link-wrap\"><a href=\"https:\/\/www.reisetrottel.de\/?p=413\" class=\"more-link\"><span>Read More &rarr;<\/span><\/a><\/span><\/p>\n","protected":false},"author":2,"featured_media":536,"comment_status":"open","ping_status":"closed","sticky":false,"template":"","format":"standard","meta":{"ngg_post_thumbnail":0,"footnotes":""},"categories":[4,12],"tags":[64,121,119],"class_list":["post-413","post","type-post","status-publish","format-standard","has-post-thumbnail","hentry","category-sandstrand","category-zypern","tag-em2012","tag-kids","tag-people"],"_links":{"self":[{"href":"https:\/\/www.reisetrottel.de\/index.php?rest_route=\/wp\/v2\/posts\/413","targetHints":{"allow":["GET"]}}],"collection":[{"href":"https:\/\/www.reisetrottel.de\/index.php?rest_route=\/wp\/v2\/posts"}],"about":[{"href":"https:\/\/www.reisetrottel.de\/index.php?rest_route=\/wp\/v2\/types\/post"}],"author":[{"embeddable":true,"href":"https:\/\/www.reisetrottel.de\/index.php?rest_route=\/wp\/v2\/users\/2"}],"replies":[{"embeddable":true,"href":"https:\/\/www.reisetrottel.de\/index.php?rest_route=%2Fwp%2Fv2%2Fcomments&post=413"}],"version-history":[{"count":1,"href":"https:\/\/www.reisetrottel.de\/index.php?rest_route=\/wp\/v2\/posts\/413\/revisions"}],"predecessor-version":[{"id":414,"href":"https:\/\/www.reisetrottel.de\/index.php?rest_route=\/wp\/v2\/posts\/413\/revisions\/414"}],"wp:featuredmedia":[{"embeddable":true,"href":"https:\/\/www.reisetrottel.de\/index.php?rest_route=\/wp\/v2\/media\/536"}],"wp:attachment":[{"href":"https:\/\/www.reisetrottel.de\/index.php?rest_route=%2Fwp%2Fv2%2Fmedia&parent=413"}],"wp:term":[{"taxonomy":"category","embeddable":true,"href":"https:\/\/www.reisetrottel.de\/index.php?rest_route=%2Fwp%2Fv2%2Fcategories&post=413"},{"taxonomy":"post_tag","embeddable":true,"href":"https:\/\/www.reisetrottel.de\/index.php?rest_route=%2Fwp%2Fv2%2Ftags&post=413"}],"curies":[{"name":"wp","href":"https:\/\/api.w.org\/{rel}","templated":true}]}}