{"id":4401,"date":"2014-06-05T17:17:01","date_gmt":"2014-06-05T15:17:01","guid":{"rendered":"http:\/\/www.reisetrottel.de\/?p=4401"},"modified":"2014-06-21T04:44:45","modified_gmt":"2014-06-21T02:44:45","slug":"die-wm-rueckt-naeher","status":"publish","type":"post","link":"https:\/\/www.reisetrottel.de\/?p=4401","title":{"rendered":"die WM r\u00fcckt n\u00e4her"},"content":{"rendered":"<p style=\"text-align: justify;\">Man merkt es hier auf Ilha Grande schon allein deshalb, da hier die \u201ebackpacker\u201c also die Rucksacktouris so langsam die Rei\u00dfleine ziehen. Klar &#8211; wird ja auch m\u00f6glicherweise bald etwas teurer. Am Strand sieht man tags\u00fcber unz\u00e4hlige Mengen dieser Spezies mit mindestens 20kg auf dem R\u00fccken umhertrotten. Grund genug, sich mit selbigen Artgenossen mal etwas n\u00e4her zu besch\u00e4ftigen.<\/p>\n<p style=\"text-align: justify;\"><a href=\"https:\/\/www.reisetrottel.de\/wp-content\/uploads\/2014\/06\/IG_pic_bp3.jpg\"><img loading=\"lazy\" decoding=\"async\" class=\"aligncenter size-full wp-image-4416\" src=\"https:\/\/www.reisetrottel.de\/wp-content\/uploads\/2014\/06\/IG_pic_bp3.jpg\" alt=\"IG_pic_bp3\" width=\"800\" height=\"450\" srcset=\"https:\/\/www.reisetrottel.de\/wp-content\/uploads\/2014\/06\/IG_pic_bp3.jpg 800w, https:\/\/www.reisetrottel.de\/wp-content\/uploads\/2014\/06\/IG_pic_bp3-300x168.jpg 300w\" sizes=\"auto, (max-width: 800px) 100vw, 800px\" \/><\/a><\/p>\n<p style=\"text-align: justify;\"><strong>Backpacker sparen gern und viel<\/strong><\/p>\n<p style=\"text-align: justify;\">Wir nicht. Weil wir vielleicht keine Lust haben, dass allerletzte Zimmer beim Untererwirt weit ab vom Schuss bzw. Strand zu beziehen. Wir schlafen auch nicht gerne auf dem Boden. Wenn schon weit dahergereist, dann bitte allererste Reihe. Ocean View wird allerh\u00f6chstens gegen smoking room durchgetauscht. Nur perfides Abzocken ist uncool.<\/p>\n<p style=\"text-align: justify;\">Randnotiz: Der Kneipen-Sachse hat extra bei der s\u00fcndhaft teuren Autovermietung in Anga dos Reis angerufen, damit sie uns zumindest vom Steg abholden. Nee, machen sie nicht. Alles gecancelt \u2013 fahren auch gerne wieder Kleinbus mit Baby auf dem Arm.<\/p>\n<p style=\"text-align: justify;\"><a href=\"https:\/\/www.reisetrottel.de\/wp-content\/uploads\/2014\/06\/IG_pic_bp1.jpg\"><img loading=\"lazy\" decoding=\"async\" class=\"aligncenter size-full wp-image-4404\" src=\"https:\/\/www.reisetrottel.de\/wp-content\/uploads\/2014\/06\/IG_pic_bp1.jpg\" alt=\"IG_pic_bp1\" width=\"800\" height=\"417\" srcset=\"https:\/\/www.reisetrottel.de\/wp-content\/uploads\/2014\/06\/IG_pic_bp1.jpg 800w, https:\/\/www.reisetrottel.de\/wp-content\/uploads\/2014\/06\/IG_pic_bp1-300x156.jpg 300w\" sizes=\"auto, (max-width: 800px) 100vw, 800px\" \/><\/a><\/p>\n<p style=\"text-align: justify;\">Schade, verpasst &#8211; hier werden in der Hochsaison noch die Vorg\u00e4rten als Campinggelegenheit verschachert. 5 Zweimannzelte auf 20 qm. Sp\u00e4testens seit Paros, Naxos und Ios ist doch international klar: ein derart kleines Zelt hilft einzig an windigen Tagen zur Kanabisbastellei.<\/p>\n<p style=\"text-align: justify;\">Wir w\u00fcrden auch nie auf die glorreiche Idee kommen, mit derartigen Gep\u00e4ckmassen bei gef\u00fchlten 150% Luftfeuchtigkeit kilometerlang am Strand umherzulaufen, um die Pousada zu suchen. 20 R$ &#8211; erledigt. Ach und sie handeln ja so gerne. Immer und \u00fcberall. Wie toll, dem verarmten Kanu Strandverleiher noch den einen oder anderen Dollar nach stundenlangen Diskussionen abgeschwatzt. Schlimmer: Sie reden st\u00e4ndig dr\u00fcber.<\/p>\n<p style=\"text-align: justify;\"><a href=\"https:\/\/www.reisetrottel.de\/wp-content\/uploads\/2014\/06\/IG_pic_bp6.jpg\"><img loading=\"lazy\" decoding=\"async\" class=\"aligncenter size-full wp-image-4411\" src=\"https:\/\/www.reisetrottel.de\/wp-content\/uploads\/2014\/06\/IG_pic_bp6.jpg\" alt=\"IG_pic_bp6\" width=\"800\" height=\"440\" srcset=\"https:\/\/www.reisetrottel.de\/wp-content\/uploads\/2014\/06\/IG_pic_bp6.jpg 800w, https:\/\/www.reisetrottel.de\/wp-content\/uploads\/2014\/06\/IG_pic_bp6-300x165.jpg 300w\" sizes=\"auto, (max-width: 800px) 100vw, 800px\" \/><\/a><\/p>\n<p style=\"text-align: justify;\"><strong>Backpacker sehen sich ja die Welt an<\/strong><\/p>\n<p style=\"text-align: justify;\">Wir nicht. Kein noch so schmerzf\u00f6rdernder Trampelpfad scheint manchem zu weit, um den Strand auf der gegen\u00fcberliegenden Inselseite zu erkunden. Hauptsache, gesehen \u2013 am besten abseits jeglicher Touristenpfade. Dabei kommt auf erste Nachfrage sofort der Hinweis \u201enicht ann\u00e4hernd so sch\u00f6n, wie hier\u201c.<\/p>\n<p style=\"text-align: justify;\">Wir lieben unsere eigenen Pfade. Allein der 350 Meter Weg Abends nach Hause gibt doch wirklich Anlass genug, mit stolzgeschwellter Brust ins Bett zu sinken. Heute geschwommen oder wieder m\u00e4chtig\u00a0 gestolpert ? Und eine Kirche ist ja nun auch gleich im Dorf. Man, manche haben sich hier die Inselkarte quasi auf die Innenseite ihrer Nickelbrille t\u00e4towiert.<\/p>\n<p style=\"text-align: justify;\"><a href=\"https:\/\/www.reisetrottel.de\/wp-content\/uploads\/2014\/06\/IG_pic_bp41.jpg\"><img loading=\"lazy\" decoding=\"async\" class=\"aligncenter size-full wp-image-4414\" src=\"https:\/\/www.reisetrottel.de\/wp-content\/uploads\/2014\/06\/IG_pic_bp41.jpg\" alt=\"IG_pic_bp4\" width=\"800\" height=\"370\" srcset=\"https:\/\/www.reisetrottel.de\/wp-content\/uploads\/2014\/06\/IG_pic_bp41.jpg 800w, https:\/\/www.reisetrottel.de\/wp-content\/uploads\/2014\/06\/IG_pic_bp41-300x138.jpg 300w\" sizes=\"auto, (max-width: 800px) 100vw, 800px\" \/><\/a><\/p>\n<p style=\"text-align: justify;\">Wir entfliehen auch nicht der Welt, sondern versuchen in Verbindung zu bleiben. So werden bestenfalls gleich drei Tische in der Kneipe belegt \u2013 f\u00fcr uns (Sonne\/Schatten) plus einen f\u00fcr die Ger\u00e4tschaften: 3 iPhons, Ipad, 2 Notebooks, 2 Canons, Kabellage und Maus.<\/p>\n<p style=\"text-align: justify;\"><strong>Backpacker m\u00fcssen es authentisch m\u00f6gen<\/strong><\/p>\n<p style=\"text-align: justify;\">Wir nicht. Am liebsten t\u00e4glich das Nationalgericht zusammen mit echten \u2013 also den wirklich echten Einheimischen. Das bedeutet dann so viel wie \u201eReis mit Bohnen like yesterday\u201c im Hinterhof. N\u00f6 ! Wir wollen weder auf unsere Gambas, noch auf unser Rumpsteak mit Kr\u00e4uterbutter verzichten. Ich muss nicht 10.000 km reisen, um jegliche europ\u00e4ischen Essgewohnheiten \u00fcber den Haufen zu werfen. Das ewig morgentliche Kuchen-Gefr\u00fchst\u00fccke ging mir schon in Iguazu auf den Keks. Authentisch hei\u00dft nat\u00fcrlich auch: Pauschal und All-In ist ein absolutes No-Go \u2013 wir jedoch lieben das bisweilen.<\/p>\n<p style=\"text-align: justify;\"><a href=\"https:\/\/www.reisetrottel.de\/wp-content\/uploads\/2014\/06\/IG_pic_bp7.jpg\"><img loading=\"lazy\" decoding=\"async\" class=\"aligncenter size-full wp-image-4408\" src=\"https:\/\/www.reisetrottel.de\/wp-content\/uploads\/2014\/06\/IG_pic_bp7.jpg\" alt=\"IG_pic_bp7\" width=\"800\" height=\"423\" srcset=\"https:\/\/www.reisetrottel.de\/wp-content\/uploads\/2014\/06\/IG_pic_bp7.jpg 800w, https:\/\/www.reisetrottel.de\/wp-content\/uploads\/2014\/06\/IG_pic_bp7-300x158.jpg 300w\" sizes=\"auto, (max-width: 800px) 100vw, 800px\" \/><\/a><\/p>\n<p style=\"text-align: justify;\">Randnotiz: Und dieses \u00fcberall ecologica, Umweltlodge hast-du-nicht-geh\u00f6rt Gefasel. Duschen am besten nur mit pH neutraler Seife. Ohne Strom und Fernseher w\u00e4re noch viel toller. Sp\u00e4testens seit Holbosch\/Mexiko und dem Blick in die ber\u00fcchtigte super-\u00d6ko Nachnachschni-Toilette ist doch bewiesen: Alles totaler Bl\u00f6dsinn.<\/p>\n<p style=\"text-align: justify;\"><a href=\"https:\/\/www.reisetrottel.de\/wp-content\/uploads\/2014\/06\/IG_pic_bp2.jpg\"><img loading=\"lazy\" decoding=\"async\" class=\"aligncenter size-full wp-image-4406\" src=\"https:\/\/www.reisetrottel.de\/wp-content\/uploads\/2014\/06\/IG_pic_bp2.jpg\" alt=\"IG_pic_bp2\" width=\"800\" height=\"387\" srcset=\"https:\/\/www.reisetrottel.de\/wp-content\/uploads\/2014\/06\/IG_pic_bp2.jpg 800w, https:\/\/www.reisetrottel.de\/wp-content\/uploads\/2014\/06\/IG_pic_bp2-300x145.jpg 300w\" sizes=\"auto, (max-width: 800px) 100vw, 800px\" \/><\/a><\/p>\n<p style=\"text-align: justify;\">Da sitzen wir also tagelang in unserer \u201edeutsch-s\u00e4chsischen\u201c Strandbar, belagern bisweilen den FIFA-Server &#8211; trinken Kaltgetr\u00e4nke, essen Baracudas (lecker !) und lassen die Herden an uns vorbeiziehen. Gestern mit Brasilien Trikot \u2013 einem Relikt aus den Tagen unseres Sommerm\u00e4rchens. Brasi \u2013 Kroatien in Berlin (nat\u00fcrlich mit Fahne, leider mitten im Kroatienblock).<\/p>\n<p style=\"text-align: justify;\"><a href=\"https:\/\/www.reisetrottel.de\/wp-content\/uploads\/2014\/06\/IG_pic_bp5.jpg\"><img loading=\"lazy\" decoding=\"async\" class=\"aligncenter size-full wp-image-4409\" src=\"https:\/\/www.reisetrottel.de\/wp-content\/uploads\/2014\/06\/IG_pic_bp5.jpg\" alt=\"IG_pic_bp5\" width=\"800\" height=\"395\" srcset=\"https:\/\/www.reisetrottel.de\/wp-content\/uploads\/2014\/06\/IG_pic_bp5.jpg 800w, https:\/\/www.reisetrottel.de\/wp-content\/uploads\/2014\/06\/IG_pic_bp5-300x148.jpg 300w\" sizes=\"auto, (max-width: 800px) 100vw, 800px\" \/><\/a><\/p>\n<p style=\"text-align: justify;\">Gelbes Trikot als Gringo bedeutet hier sofort m\u00e4chtig Bewunderung \u2013 gleichzusetzen mit Daumen hoch, am besten beide. Ging schon morgens an der Rezi los. Bedeutet so viel wie toll, ganz ganz toll. Daumen hoch ist hier die typische brasilianische Handbewegung. Bier destupidamente ? Daumen hoch ! Bei Robert Lemkes \u201eWas bin ich ?\u201c w\u00e4re beim Ratebegriff \u201eBrasilianer\u201c und dieser Handbewegung kein Highermann ins Schwein gekommen \u2013 los garantiertos !<\/p>\n","protected":false},"excerpt":{"rendered":"<p>Man merkt es hier auf Ilha Grande schon allein deshalb, da hier die \u201ebackpacker\u201c also die Rucksacktouris so langsam die Rei\u00dfleine ziehen. Klar &#8211; wird ja auch m\u00f6glicherweise bald etwas teurer. Am Strand sieht man tags\u00fcber unz\u00e4hlige Mengen dieser Spezies mit mindestens 20kg auf dem R\u00fccken umhertrotten. Grund genug, sich mit selbigen Artgenossen mal etwas <span class=\"ellipsis\">&hellip;<\/span> <span class=\"more-link-wrap\"><a href=\"https:\/\/www.reisetrottel.de\/?p=4401\" class=\"more-link\"><span>Read More &rarr;<\/span><\/a><\/span><\/p>\n","protected":false},"author":2,"featured_media":4403,"comment_status":"open","ping_status":"closed","sticky":false,"template":"","format":"standard","meta":{"ngg_post_thumbnail":0,"footnotes":""},"categories":[20],"tags":[128,118],"class_list":["post-4401","post","type-post","status-publish","format-standard","has-post-thumbnail","hentry","category-brasilien","tag-ilha-grande","tag-wm2014"],"_links":{"self":[{"href":"https:\/\/www.reisetrottel.de\/index.php?rest_route=\/wp\/v2\/posts\/4401","targetHints":{"allow":["GET"]}}],"collection":[{"href":"https:\/\/www.reisetrottel.de\/index.php?rest_route=\/wp\/v2\/posts"}],"about":[{"href":"https:\/\/www.reisetrottel.de\/index.php?rest_route=\/wp\/v2\/types\/post"}],"author":[{"embeddable":true,"href":"https:\/\/www.reisetrottel.de\/index.php?rest_route=\/wp\/v2\/users\/2"}],"replies":[{"embeddable":true,"href":"https:\/\/www.reisetrottel.de\/index.php?rest_route=%2Fwp%2Fv2%2Fcomments&post=4401"}],"version-history":[{"count":8,"href":"https:\/\/www.reisetrottel.de\/index.php?rest_route=\/wp\/v2\/posts\/4401\/revisions"}],"predecessor-version":[{"id":4418,"href":"https:\/\/www.reisetrottel.de\/index.php?rest_route=\/wp\/v2\/posts\/4401\/revisions\/4418"}],"wp:featuredmedia":[{"embeddable":true,"href":"https:\/\/www.reisetrottel.de\/index.php?rest_route=\/wp\/v2\/media\/4403"}],"wp:attachment":[{"href":"https:\/\/www.reisetrottel.de\/index.php?rest_route=%2Fwp%2Fv2%2Fmedia&parent=4401"}],"wp:term":[{"taxonomy":"category","embeddable":true,"href":"https:\/\/www.reisetrottel.de\/index.php?rest_route=%2Fwp%2Fv2%2Fcategories&post=4401"},{"taxonomy":"post_tag","embeddable":true,"href":"https:\/\/www.reisetrottel.de\/index.php?rest_route=%2Fwp%2Fv2%2Ftags&post=4401"}],"curies":[{"name":"wp","href":"https:\/\/api.w.org\/{rel}","templated":true}]}}