{"id":4419,"date":"2014-06-07T23:29:18","date_gmt":"2014-06-07T21:29:18","guid":{"rendered":"http:\/\/www.reisetrottel.de\/?p=4419"},"modified":"2014-06-07T23:35:25","modified_gmt":"2014-06-07T21:35:25","slug":"von-ilha-grande-nach-paraty","status":"publish","type":"post","link":"https:\/\/www.reisetrottel.de\/?p=4419","title":{"rendered":"von Ilha Grande nach Paraty"},"content":{"rendered":"<p style=\"text-align: justify;\">mit der backpacker-Bande ging&#8217;s via Schiff und Mini-Van von Ilha Grade in knapp 5 Stunden nach Paraty. Das 1966 unter Denkmal gestellte Kolonialst\u00e4dtchen (35.000 Einwohner) wirkt wie ein museales Freilichttheater &#8211; eine Zeitreise in die Vergangenheit. Nachdem alle backpacker in ihren Hostels inklusive 8-Betten-Schlafsaal abgesch\u00fcttelt wurden sind wir bei wirklich netten Leuten inklusive geiler Bar in einer ruhigen Pousada abgestiegen &#8211; alles chic !<\/p>\n<p><a href=\"https:\/\/www.reisetrottel.de\/wp-content\/uploads\/2014\/06\/PY_pic_1.jpg\"><img loading=\"lazy\" decoding=\"async\" class=\"aligncenter size-full wp-image-4421\" src=\"https:\/\/www.reisetrottel.de\/wp-content\/uploads\/2014\/06\/PY_pic_1.jpg\" alt=\"PY_pic_1\" width=\"800\" height=\"380\" srcset=\"https:\/\/www.reisetrottel.de\/wp-content\/uploads\/2014\/06\/PY_pic_1.jpg 800w, https:\/\/www.reisetrottel.de\/wp-content\/uploads\/2014\/06\/PY_pic_1-300x142.jpg 300w\" sizes=\"auto, (max-width: 800px) 100vw, 800px\" \/><\/a><\/p>\n<p style=\"text-align: justify;\">Mitunter konnten\u00a0wir auf der Fahrt noch das Brasilienspiel in diversen Kneipen quasi im Vorbeirauschen verfolgen, dann das &#8222;miserior grande&#8220; mit uns Marco. Die Hoffnung, zwei finals innerhalb von 4 Jahren live mitzuerleben ist dank unserer Germany-Optionsticket wohl drastisch gesunken. Diese bekloppte Coface Arena &#8211; das konnte ja nicht gutgehen.<\/p>\n<p><a href=\"https:\/\/www.reisetrottel.de\/wp-content\/uploads\/2014\/06\/PY_pic_5.jpg\"><img loading=\"lazy\" decoding=\"async\" class=\"aligncenter size-full wp-image-4422\" src=\"https:\/\/www.reisetrottel.de\/wp-content\/uploads\/2014\/06\/PY_pic_5.jpg\" alt=\"PY_pic_5\" width=\"800\" height=\"405\" srcset=\"https:\/\/www.reisetrottel.de\/wp-content\/uploads\/2014\/06\/PY_pic_5.jpg 800w, https:\/\/www.reisetrottel.de\/wp-content\/uploads\/2014\/06\/PY_pic_5-300x151.jpg 300w\" sizes=\"auto, (max-width: 800px) 100vw, 800px\" \/><\/a><\/p>\n<p style=\"text-align: justify;\">Abends dann auf Anraten in der &#8222;Banana da Terra&#8220; eingelaufen. Traditionelles Lokal, bekannt f\u00fcr ausgefallene Rezepten mit regionalen Zutaten wie Banane und Cachaca. Filet Mignon und vorweg Gambas vom Allerfeinsten. Direkt die Nummer 2 hinterm &#8222;Bulls Ring&#8220; in Santa Fe. Dass man zwischen den einzelnen G\u00e4ngen zum Rauchen nach draussen geht, kennt man hier noch nicht so &#8211; werden sie aber auch noch lernen.<\/p>\n<p><a href=\"https:\/\/www.reisetrottel.de\/wp-content\/uploads\/2014\/06\/PY_pic_2.jpg\"><img loading=\"lazy\" decoding=\"async\" class=\"aligncenter size-full wp-image-4424\" src=\"https:\/\/www.reisetrottel.de\/wp-content\/uploads\/2014\/06\/PY_pic_2.jpg\" alt=\"PY_pic_2\" width=\"800\" height=\"397\" srcset=\"https:\/\/www.reisetrottel.de\/wp-content\/uploads\/2014\/06\/PY_pic_2.jpg 800w, https:\/\/www.reisetrottel.de\/wp-content\/uploads\/2014\/06\/PY_pic_2-300x148.jpg 300w\" sizes=\"auto, (max-width: 800px) 100vw, 800px\" \/><\/a><\/p>\n<p style=\"text-align: justify;\">Aquilo e para ti (Das ist f\u00fcr Dich) beschreibt der Legende nach die Namensgebung des Ortes. Gott hat dem Teufel bei der Erdaufteilung diesen Landstreifen \u00fcberlassen und es wohl sp\u00e4ter bitter bereut. Was haben wir bereut ? Man h\u00e4tte sich alle Flugbest\u00e4tigungen der Reisebegleitung etwas genauer ansehen k\u00f6nnen. Hier fehlt nicht das &#8222;t&#8220; in der &#8222;Licherkette&#8220;, sondern M\u00fchlhausens Flug nach Manaus. Gestern noch von 140\u20ac auf 350\u20ac gestiegen und dank europ\u00e4ischer Kreditkarte abgelehnt &#8211; heute f\u00fcr g\u00fcnstige 750\u20ac am Grabbeltisch. Bezahlung am Airport &#8211; hoffentlich.<\/p>\n<p><a href=\"https:\/\/www.reisetrottel.de\/wp-content\/uploads\/2014\/06\/PY_pic_4.jpg\"><img loading=\"lazy\" decoding=\"async\" class=\"aligncenter size-full wp-image-4425\" src=\"https:\/\/www.reisetrottel.de\/wp-content\/uploads\/2014\/06\/PY_pic_4.jpg\" alt=\"PY_pic_4\" width=\"800\" height=\"386\" srcset=\"https:\/\/www.reisetrottel.de\/wp-content\/uploads\/2014\/06\/PY_pic_4.jpg 800w, https:\/\/www.reisetrottel.de\/wp-content\/uploads\/2014\/06\/PY_pic_4-300x144.jpg 300w\" sizes=\"auto, (max-width: 800px) 100vw, 800px\" \/><\/a><\/p>\n<p style=\"text-align: justify;\">Nach dem kleinen Aufreger heute fr\u00fch &#8211; gleich den Rest organisiert. Transfer zum Flughafen, Geldumtauschen und so weiter.\u00a0Morgen wird noch mal durchgewaschen und gegen 11h ein kleines Privatboot angeheuert. Hier gibt es ca. 65 vorgelagerte kleine Inselchen.\u00a0Irgendwo\u00a0werden wir schon eine kleine Cachaca Bar ausfindig machen. Die L\u00e4den hier mit den unz\u00e4hligen Flaschen &#8211; sortiert nach Region &#8211; machen bereits Lust auf mehr.<\/p>\n<p><a href=\"https:\/\/www.reisetrottel.de\/wp-content\/uploads\/2014\/06\/PY_pic_3.jpg\"><img loading=\"lazy\" decoding=\"async\" class=\"aligncenter size-full wp-image-4426\" src=\"https:\/\/www.reisetrottel.de\/wp-content\/uploads\/2014\/06\/PY_pic_3.jpg\" alt=\"PY_pic_3\" width=\"800\" height=\"411\" srcset=\"https:\/\/www.reisetrottel.de\/wp-content\/uploads\/2014\/06\/PY_pic_3.jpg 800w, https:\/\/www.reisetrottel.de\/wp-content\/uploads\/2014\/06\/PY_pic_3-300x154.jpg 300w\" sizes=\"auto, (max-width: 800px) 100vw, 800px\" \/><\/a><\/p>\n","protected":false},"excerpt":{"rendered":"<p>mit der backpacker-Bande ging&#8217;s via Schiff und Mini-Van von Ilha Grade in knapp 5 Stunden nach Paraty. Das 1966 unter Denkmal gestellte Kolonialst\u00e4dtchen (35.000 Einwohner) wirkt wie ein museales Freilichttheater &#8211; eine Zeitreise in die Vergangenheit. Nachdem alle backpacker in ihren Hostels inklusive 8-Betten-Schlafsaal abgesch\u00fcttelt wurden sind wir bei wirklich netten Leuten inklusive geiler Bar <span class=\"ellipsis\">&hellip;<\/span> <span class=\"more-link-wrap\"><a href=\"https:\/\/www.reisetrottel.de\/?p=4419\" class=\"more-link\"><span>Read More &rarr;<\/span><\/a><\/span><\/p>\n","protected":false},"author":4,"featured_media":4420,"comment_status":"open","ping_status":"closed","sticky":false,"template":"","format":"standard","meta":{"ngg_post_thumbnail":0,"footnotes":""},"categories":[20],"tags":[56,118],"class_list":["post-4419","post","type-post","status-publish","format-standard","has-post-thumbnail","hentry","category-brasilien","tag-brasil","tag-wm2014"],"_links":{"self":[{"href":"https:\/\/www.reisetrottel.de\/index.php?rest_route=\/wp\/v2\/posts\/4419","targetHints":{"allow":["GET"]}}],"collection":[{"href":"https:\/\/www.reisetrottel.de\/index.php?rest_route=\/wp\/v2\/posts"}],"about":[{"href":"https:\/\/www.reisetrottel.de\/index.php?rest_route=\/wp\/v2\/types\/post"}],"author":[{"embeddable":true,"href":"https:\/\/www.reisetrottel.de\/index.php?rest_route=\/wp\/v2\/users\/4"}],"replies":[{"embeddable":true,"href":"https:\/\/www.reisetrottel.de\/index.php?rest_route=%2Fwp%2Fv2%2Fcomments&post=4419"}],"version-history":[{"count":7,"href":"https:\/\/www.reisetrottel.de\/index.php?rest_route=\/wp\/v2\/posts\/4419\/revisions"}],"predecessor-version":[{"id":4432,"href":"https:\/\/www.reisetrottel.de\/index.php?rest_route=\/wp\/v2\/posts\/4419\/revisions\/4432"}],"wp:featuredmedia":[{"embeddable":true,"href":"https:\/\/www.reisetrottel.de\/index.php?rest_route=\/wp\/v2\/media\/4420"}],"wp:attachment":[{"href":"https:\/\/www.reisetrottel.de\/index.php?rest_route=%2Fwp%2Fv2%2Fmedia&parent=4419"}],"wp:term":[{"taxonomy":"category","embeddable":true,"href":"https:\/\/www.reisetrottel.de\/index.php?rest_route=%2Fwp%2Fv2%2Fcategories&post=4419"},{"taxonomy":"post_tag","embeddable":true,"href":"https:\/\/www.reisetrottel.de\/index.php?rest_route=%2Fwp%2Fv2%2Ftags&post=4419"}],"curies":[{"name":"wp","href":"https:\/\/api.w.org\/{rel}","templated":true}]}}