{"id":4977,"date":"2014-07-02T21:50:06","date_gmt":"2014-07-02T19:50:06","guid":{"rendered":"http:\/\/www.reisetrottel.de\/?p=4977"},"modified":"2014-07-02T22:34:42","modified_gmt":"2014-07-02T20:34:42","slug":"dank-kramer","status":"publish","type":"post","link":"https:\/\/www.reisetrottel.de\/?p=4977","title":{"rendered":"dank Kramer &#8230;"},"content":{"rendered":"<p style=\"text-align: justify;\">nach Maracan\u00e3 &#8211; und Dank Jogi&#8217;s Gr\u00fctzentaktik bzw. -Aufstellung eine verdammt nervenaufreibende Angelegenheit. Hat man doch gleich zu Beginn des Spiels gesehen, wie die Afrikaner zu knacken sind &#8230; schnelle, nach vorne arbeitende Au\u00dfenverteidiger.<\/p>\n<p style=\"text-align: justify;\">Demn\u00e4chst also mit drei Torh\u00fctern und f\u00fcnf Innenverteidigern. Jogi &#8211; ab mit \u00d6zil und den Stolperv\u00f6geln in\u00a0die Eistonne ! Soll er doch die Freiburger trainieren, da kennt er sich zumindest aus.<\/p>\n<p><a href=\"https:\/\/www.reisetrottel.de\/wp-content\/uploads\/2014\/07\/PA_pic_4.jpg\"><img loading=\"lazy\" decoding=\"async\" class=\"aligncenter size-full wp-image-4978\" src=\"https:\/\/www.reisetrottel.de\/wp-content\/uploads\/2014\/07\/PA_pic_4.jpg\" alt=\"PA_pic_4\" width=\"800\" height=\"376\" srcset=\"https:\/\/www.reisetrottel.de\/wp-content\/uploads\/2014\/07\/PA_pic_4.jpg 800w, https:\/\/www.reisetrottel.de\/wp-content\/uploads\/2014\/07\/PA_pic_4-300x141.jpg 300w\" sizes=\"auto, (max-width: 800px) 100vw, 800px\" \/><\/a><\/p>\n<p style=\"text-align: justify;\">Morgens bereits f\u00fcr 5:30h das Taxi bestellt &#8211; angesagt waren 3h Fahrt nach Rio zum Flughafen. Dann voll mit GOL oder stramm mit TAM. Taxi kam nat\u00fcrlich nicht. Wer hat&#8217;s bestellt ? Nein, Jogi war&#8217;s ausnahmsweise nicht.<\/p>\n<p style=\"text-align: justify;\">In Porto Alegre in&#8217;s Hotel &#8211; eigentlich mehr so ein Stunden-Etablissement. Na, ja passt ja &#8211; zumindest zeitlich gesehen. Kalt wie Bier hier. Daf\u00fcr wollte\u00a0jede h\u00fcbsche Brasilianerin unbedingt auf&#8217;s Foto mit den Ostseefohlen. Kultstatus plus Aufkleber jetzt \u00fcberall drangebabbt.<\/p>\n<p><a href=\"https:\/\/www.reisetrottel.de\/wp-content\/uploads\/2014\/07\/PA_pic_5.jpg\"><img loading=\"lazy\" decoding=\"async\" class=\"aligncenter size-full wp-image-4979\" src=\"https:\/\/www.reisetrottel.de\/wp-content\/uploads\/2014\/07\/PA_pic_5.jpg\" alt=\"PA_pic_5\" width=\"800\" height=\"361\" srcset=\"https:\/\/www.reisetrottel.de\/wp-content\/uploads\/2014\/07\/PA_pic_5.jpg 800w, https:\/\/www.reisetrottel.de\/wp-content\/uploads\/2014\/07\/PA_pic_5-300x135.jpg 300w\" sizes=\"auto, (max-width: 800px) 100vw, 800px\" \/><\/a><\/p>\n<p style=\"text-align: justify;\">Die FIFA hat nach dem M\u00fchlheimer Regenschirm in Recife diesmal die von Martin gestifteten Dr\u00e4hte zum Fahnen-Aufh\u00e4ngen konfisziert. No Comment, gerade zur W\u00e4scheleine umfunktioniert h\u00e4tte man den Blatter damit sicher prima erh\u00e4ngen k\u00f6nnen. Gab nat\u00fcrlich auch wieder reichlich Diskussionen mit den FIFA Handlangern. Fahne nur ansatzweise aus dem Rucksack geholt &#8230; Protest. Bei der 5ten Zigarette &#8211; nur noch leichter Protest.<\/p>\n<p style=\"text-align: justify;\">Gibt es doch echt noch &#8222;Fans&#8220;, die sitzen die ganze Zeit so rum (hat nix mit RUM oder RUMfahrern zu tun). Der eine sieht auch\u00a0aus wie Jogi, dritte Reihe rechts.<\/p>\n<p><a href=\"https:\/\/www.reisetrottel.de\/wp-content\/uploads\/2014\/07\/PA_pic_7.jpg\"><img loading=\"lazy\" decoding=\"async\" class=\"aligncenter size-full wp-image-4980\" src=\"https:\/\/www.reisetrottel.de\/wp-content\/uploads\/2014\/07\/PA_pic_7.jpg\" alt=\"PA_pic_7\" width=\"800\" height=\"413\" srcset=\"https:\/\/www.reisetrottel.de\/wp-content\/uploads\/2014\/07\/PA_pic_7.jpg 800w, https:\/\/www.reisetrottel.de\/wp-content\/uploads\/2014\/07\/PA_pic_7-300x154.jpg 300w\" sizes=\"auto, (max-width: 800px) 100vw, 800px\" \/><\/a><\/p>\n<p style=\"text-align: justify;\">Der Tag, an dem Christoph Kramer kam. Und alles war wieder gut. Da wussten die knapp 50.000: Jetzt is es gelaufen ! Ab in Bus, vergessen und rein in die Kneipe.<\/p>\n<p style=\"text-align: justify;\">Noch ein W\u00f6rtchen zur FIFA: Wenn man mal wirklich wen antrifft an den ach so wichtigen Airport-Infoschaltern &#8230; und dann noch wagt,\u00a0eine Frage zu stellen &#8230; Auweia. Blankes Entsetzen. Jetzt\u00a0schnell weg und verstecken. Tickets ? Achselzucken ! Da oben ! Prima, dass der Ticketschalter schon gestern zugemacht hat. Ist ja schlie\u00dflich kein Spiel mehr in Porto Alegre. Alle die abfliegen (so 10.000) und sich das VF-Tixx abholen wollten &#8230; aber bewacht wurde er !<\/p>\n<p><a href=\"https:\/\/www.reisetrottel.de\/wp-content\/uploads\/2014\/07\/PA_pic_8.jpg\"><img loading=\"lazy\" decoding=\"async\" class=\"aligncenter size-full wp-image-4982\" src=\"https:\/\/www.reisetrottel.de\/wp-content\/uploads\/2014\/07\/PA_pic_8.jpg\" alt=\"PA_pic_8\" width=\"800\" height=\"419\" srcset=\"https:\/\/www.reisetrottel.de\/wp-content\/uploads\/2014\/07\/PA_pic_8.jpg 800w, https:\/\/www.reisetrottel.de\/wp-content\/uploads\/2014\/07\/PA_pic_8-300x157.jpg 300w\" sizes=\"auto, (max-width: 800px) 100vw, 800px\" \/><\/a><\/p>\n","protected":false},"excerpt":{"rendered":"<p>nach Maracan\u00e3 &#8211; und Dank Jogi&#8217;s Gr\u00fctzentaktik bzw. -Aufstellung eine verdammt nervenaufreibende Angelegenheit. Hat man doch gleich zu Beginn des Spiels gesehen, wie die Afrikaner zu knacken sind &#8230; schnelle, nach vorne arbeitende Au\u00dfenverteidiger. Demn\u00e4chst also mit drei Torh\u00fctern und f\u00fcnf Innenverteidigern. Jogi &#8211; ab mit \u00d6zil und den Stolperv\u00f6geln in\u00a0die Eistonne ! Soll er <span class=\"ellipsis\">&hellip;<\/span> <span class=\"more-link-wrap\"><a href=\"https:\/\/www.reisetrottel.de\/?p=4977\" class=\"more-link\"><span>Read More &rarr;<\/span><\/a><\/span><\/p>\n","protected":false},"author":2,"featured_media":4984,"comment_status":"open","ping_status":"closed","sticky":false,"template":"","format":"standard","meta":{"ngg_post_thumbnail":0,"footnotes":""},"categories":[20],"tags":[118],"class_list":["post-4977","post","type-post","status-publish","format-standard","has-post-thumbnail","hentry","category-brasilien","tag-wm2014"],"_links":{"self":[{"href":"https:\/\/www.reisetrottel.de\/index.php?rest_route=\/wp\/v2\/posts\/4977","targetHints":{"allow":["GET"]}}],"collection":[{"href":"https:\/\/www.reisetrottel.de\/index.php?rest_route=\/wp\/v2\/posts"}],"about":[{"href":"https:\/\/www.reisetrottel.de\/index.php?rest_route=\/wp\/v2\/types\/post"}],"author":[{"embeddable":true,"href":"https:\/\/www.reisetrottel.de\/index.php?rest_route=\/wp\/v2\/users\/2"}],"replies":[{"embeddable":true,"href":"https:\/\/www.reisetrottel.de\/index.php?rest_route=%2Fwp%2Fv2%2Fcomments&post=4977"}],"version-history":[{"count":6,"href":"https:\/\/www.reisetrottel.de\/index.php?rest_route=\/wp\/v2\/posts\/4977\/revisions"}],"predecessor-version":[{"id":5010,"href":"https:\/\/www.reisetrottel.de\/index.php?rest_route=\/wp\/v2\/posts\/4977\/revisions\/5010"}],"wp:featuredmedia":[{"embeddable":true,"href":"https:\/\/www.reisetrottel.de\/index.php?rest_route=\/wp\/v2\/media\/4984"}],"wp:attachment":[{"href":"https:\/\/www.reisetrottel.de\/index.php?rest_route=%2Fwp%2Fv2%2Fmedia&parent=4977"}],"wp:term":[{"taxonomy":"category","embeddable":true,"href":"https:\/\/www.reisetrottel.de\/index.php?rest_route=%2Fwp%2Fv2%2Fcategories&post=4977"},{"taxonomy":"post_tag","embeddable":true,"href":"https:\/\/www.reisetrottel.de\/index.php?rest_route=%2Fwp%2Fv2%2Ftags&post=4977"}],"curies":[{"name":"wp","href":"https:\/\/api.w.org\/{rel}","templated":true}]}}