{"id":5178,"date":"2014-07-10T11:51:06","date_gmt":"2014-07-10T09:51:06","guid":{"rendered":"http:\/\/www.reisetrottel.de\/?p=5178"},"modified":"2014-07-10T11:51:06","modified_gmt":"2014-07-10T09:51:06","slug":"ohne-worte-2","status":"publish","type":"post","link":"https:\/\/www.reisetrottel.de\/?p=5178","title":{"rendered":"ohne Worte"},"content":{"rendered":"<p style=\"text-align: justify;\">die Stimme ist immer noch weg bzw. gleicht einem holl\u00e4ndischen Raben in den letzten Stunden seines Todekampfes. Da fahren wir also ohne die Tulpen nach Rio und werden Weltmeister &#8211; als erste Europ\u00e4er auf s\u00fcdamerikanischem Boden. Aber Vorsicht: Die Gauchos machen die R\u00e4ume sehr eng. Die, die wir eigentlich so dringend ben\u00f6tigen. Da wird keine brasilianische Sch\u00fclermannschaft daherkommen.<\/p>\n<p><a href=\"https:\/\/www.reisetrottel.de\/wp-content\/uploads\/2014\/07\/BHZ_pic_8.jpg\"><img loading=\"lazy\" decoding=\"async\" class=\"aligncenter size-full wp-image-5180\" src=\"https:\/\/www.reisetrottel.de\/wp-content\/uploads\/2014\/07\/BHZ_pic_8.jpg\" alt=\"BHZ_pic_8\" width=\"800\" height=\"440\" srcset=\"https:\/\/www.reisetrottel.de\/wp-content\/uploads\/2014\/07\/BHZ_pic_8.jpg 800w, https:\/\/www.reisetrottel.de\/wp-content\/uploads\/2014\/07\/BHZ_pic_8-300x165.jpg 300w\" sizes=\"auto, (max-width: 800px) 100vw, 800px\" \/><\/a><\/p>\n<p style=\"text-align: justify;\">Kurz nachdem die Flagge am Lagoa Santa &#8211; 30 km n\u00f6rdlich von Belo &#8211; gehisst wurde, hat sich auch M\u00fchli wieder angefunden. Fast h\u00e4tte die oberste Truppenleitung wieder Trottelpunkte vergeben m\u00fcssen: Havana l\u00e4\u00dft man nicht im Handgep\u00e4ck beim Umsteigen. Zum Gl\u00fcck nehmen&#8217;s die Paulistas nicht so genau mit der Kontrolle. Da sich auch im Ort selber das ersehnte Erfrischungsgetr\u00e4nk anfand, wurde es eine recht gesellige Veranstaltung.<\/p>\n<p style=\"text-align: justify;\">Raffi, M\u00fchlis super netter Herbergsvater, hat uns dann am n\u00e4chsten Morgen Richtung ehrw\u00fcrdigen Est\u00e1dio Mineir\u00e3o gefahren. Auf dem Bild nicht zu sehen &#8211; wir blicken Richtung Mineirinho, dem kleinen Bruder sozusagen. Leicht gespannte Stimmung und immer wieder gelbe Horden, die beim Anblick unserer Fahne irgendwas von &#8222;nach Hause&#8220; singen.<\/p>\n<p><a href=\"https:\/\/www.reisetrottel.de\/wp-content\/uploads\/2014\/07\/BHZ_pic_9.jpg\"><img loading=\"lazy\" decoding=\"async\" class=\"aligncenter size-full wp-image-5181\" src=\"https:\/\/www.reisetrottel.de\/wp-content\/uploads\/2014\/07\/BHZ_pic_9.jpg\" alt=\"BHZ_pic_9\" width=\"800\" height=\"451\" srcset=\"https:\/\/www.reisetrottel.de\/wp-content\/uploads\/2014\/07\/BHZ_pic_9.jpg 800w, https:\/\/www.reisetrottel.de\/wp-content\/uploads\/2014\/07\/BHZ_pic_9-300x169.jpg 300w\" sizes=\"auto, (max-width: 800px) 100vw, 800px\" \/><\/a><\/p>\n<p style=\"text-align: justify;\">Da hat der Meister pers\u00f6nlich erst mal dem Staatsfernsehen ein Interview gegeben und die Sachen ordnungsgem\u00e4\u00df zurechtger\u00fcckt. Klaus hat \u00fcbersetzt &#8211; vielleicht auch interpretiert ?! Die brasilianische Bierkultur erreichte mittlerweile ungeahnte H\u00f6hepunkte: Bierdosen gefroren.<\/p>\n<p><a href=\"https:\/\/www.reisetrottel.de\/wp-content\/uploads\/2014\/07\/BHZ_pic_1.jpg\"><img loading=\"lazy\" decoding=\"async\" class=\"aligncenter size-full wp-image-5182\" src=\"https:\/\/www.reisetrottel.de\/wp-content\/uploads\/2014\/07\/BHZ_pic_1.jpg\" alt=\"BHZ_pic_1\" width=\"800\" height=\"443\" srcset=\"https:\/\/www.reisetrottel.de\/wp-content\/uploads\/2014\/07\/BHZ_pic_1.jpg 800w, https:\/\/www.reisetrottel.de\/wp-content\/uploads\/2014\/07\/BHZ_pic_1-300x166.jpg 300w\" sizes=\"auto, (max-width: 800px) 100vw, 800px\" \/><\/a><\/p>\n<p style=\"text-align: justify;\">Mit Helmut, der Fanzeitung des FCN, Neymar-Pappe und viel Brahma ging&#8217;s ins Stadion. Da wird doch der H\u00f6wedes beim Anblick der gelben Wand sicher Achten laufen. Und bei Dante haben wir bestimmt doch noch einen gut. \u00d6zilwetter &#8211; alles wird gut.<\/p>\n<p style=\"text-align: justify;\">\u00d6zil ist hier zum gefl\u00fcgelten Wort geworden und wird bei jeder Arbeitsaufforderung irgendwie grammatikalisch mit eingebaut. Vertreten waren wieder Ilha Grande, Reiseleitung Rio, Reiseleitung Belo, M\u00fchlis kanadischer Mitbewohner und Ostseefohlen selbstredend.<\/p>\n<p><a href=\"https:\/\/www.reisetrottel.de\/wp-content\/uploads\/2014\/07\/BHZ_pic_2.jpg\"><img loading=\"lazy\" decoding=\"async\" class=\"aligncenter size-full wp-image-5183\" src=\"https:\/\/www.reisetrottel.de\/wp-content\/uploads\/2014\/07\/BHZ_pic_2.jpg\" alt=\"BHZ_pic_2\" width=\"800\" height=\"440\" srcset=\"https:\/\/www.reisetrottel.de\/wp-content\/uploads\/2014\/07\/BHZ_pic_2.jpg 800w, https:\/\/www.reisetrottel.de\/wp-content\/uploads\/2014\/07\/BHZ_pic_2-300x165.jpg 300w\" sizes=\"auto, (max-width: 800px) 100vw, 800px\" \/><\/a><\/p>\n<p>Jetzt mussten nur noch die Sicherheitskr\u00e4fte eingenordet werden.<\/p>\n<p><a href=\"https:\/\/www.reisetrottel.de\/wp-content\/uploads\/2014\/07\/BHZ_pic_7.jpg\"><img loading=\"lazy\" decoding=\"async\" class=\"aligncenter size-full wp-image-5185\" src=\"https:\/\/www.reisetrottel.de\/wp-content\/uploads\/2014\/07\/BHZ_pic_7.jpg\" alt=\"BHZ_pic_7\" width=\"800\" height=\"420\" srcset=\"https:\/\/www.reisetrottel.de\/wp-content\/uploads\/2014\/07\/BHZ_pic_7.jpg 800w, https:\/\/www.reisetrottel.de\/wp-content\/uploads\/2014\/07\/BHZ_pic_7-300x157.jpg 300w\" sizes=\"auto, (max-width: 800px) 100vw, 800px\" \/><\/a><\/p>\n<p style=\"text-align: justify;\">Anf\u00e4nglich hatte es die schwarz-wei\u00dfe Enklave nat\u00fcrlich etwas schwer im gelben Rund. Die Geschichte ist schnell erz\u00e4hlt: Ein mal Bierholen, das war&#8217;s. &#8222;ohne Deutschland ist hier gar nix los&#8220; und aus Vamos ala Playa wurde Rio de Janeiro. Noch nie hat der deutsche Block so ehrlich und zufrieden einen Gegentreffer gefeiert. Ist das eigentlich die 8, die da rennt &#8230; kann doch eigentlich nicht sein, oder ?<\/p>\n<p><a href=\"https:\/\/www.reisetrottel.de\/wp-content\/uploads\/2014\/07\/BHZ_pic_3.jpg\"><img loading=\"lazy\" decoding=\"async\" class=\"aligncenter size-full wp-image-5187\" src=\"https:\/\/www.reisetrottel.de\/wp-content\/uploads\/2014\/07\/BHZ_pic_3.jpg\" alt=\"BHZ_pic_3\" width=\"800\" height=\"402\" srcset=\"https:\/\/www.reisetrottel.de\/wp-content\/uploads\/2014\/07\/BHZ_pic_3.jpg 800w, https:\/\/www.reisetrottel.de\/wp-content\/uploads\/2014\/07\/BHZ_pic_3-300x150.jpg 300w\" sizes=\"auto, (max-width: 800px) 100vw, 800px\" \/><\/a><\/p>\n<p style=\"text-align: justify;\">Nicht zu toppen ? Denkste ! Als eine Gruppe Brasilianer nach dem Spiel unsere Fahne analysierte sprang eine junge Frau hervor und deutete wild gestikulierend auf ihren kleinen schwarzen Rucksack. Mit Borussia-Raute, unfassbar !<\/p>\n<p style=\"text-align: justify;\">Endspiel Rio erreicht &#8211; jetzt hei\u00dft es wieder verst\u00e4rkt Akku aufladen und Kr\u00e4fte sammeln. Ab Richtung Favela. Die ersten Tixx sind bereits eingesammelt und es wird noch an der Zusammensetzung der Fangemeinde gebastelt. Mal sehen, was der FIFA Server und die Automaten am Flughafen noch so hergeben &#8230; Brasilia w\u00e4re gerade verf\u00fcgbar.<\/p>\n<p><a href=\"https:\/\/www.reisetrottel.de\/wp-content\/uploads\/2014\/07\/BHZ_pic_5.jpg\"><img loading=\"lazy\" decoding=\"async\" class=\"aligncenter size-full wp-image-5189\" src=\"https:\/\/www.reisetrottel.de\/wp-content\/uploads\/2014\/07\/BHZ_pic_5.jpg\" alt=\"BHZ_pic_5\" width=\"800\" height=\"369\" srcset=\"https:\/\/www.reisetrottel.de\/wp-content\/uploads\/2014\/07\/BHZ_pic_5.jpg 800w, https:\/\/www.reisetrottel.de\/wp-content\/uploads\/2014\/07\/BHZ_pic_5-300x138.jpg 300w\" sizes=\"auto, (max-width: 800px) 100vw, 800px\" \/><\/a><\/p>\n<p>&nbsp;<\/p>\n<p>&nbsp;<\/p>\n","protected":false},"excerpt":{"rendered":"<p>die Stimme ist immer noch weg bzw. gleicht einem holl\u00e4ndischen Raben in den letzten Stunden seines Todekampfes. Da fahren wir also ohne die Tulpen nach Rio und werden Weltmeister &#8211; als erste Europ\u00e4er auf s\u00fcdamerikanischem Boden. Aber Vorsicht: Die Gauchos machen die R\u00e4ume sehr eng. Die, die wir eigentlich so dringend ben\u00f6tigen. Da wird keine <span class=\"ellipsis\">&hellip;<\/span> <span class=\"more-link-wrap\"><a href=\"https:\/\/www.reisetrottel.de\/?p=5178\" class=\"more-link\"><span>Read More &rarr;<\/span><\/a><\/span><\/p>\n","protected":false},"author":2,"featured_media":5179,"comment_status":"open","ping_status":"open","sticky":false,"template":"","format":"standard","meta":{"ngg_post_thumbnail":0,"footnotes":""},"categories":[20],"tags":[118],"class_list":["post-5178","post","type-post","status-publish","format-standard","has-post-thumbnail","hentry","category-brasilien","tag-wm2014"],"_links":{"self":[{"href":"https:\/\/www.reisetrottel.de\/index.php?rest_route=\/wp\/v2\/posts\/5178","targetHints":{"allow":["GET"]}}],"collection":[{"href":"https:\/\/www.reisetrottel.de\/index.php?rest_route=\/wp\/v2\/posts"}],"about":[{"href":"https:\/\/www.reisetrottel.de\/index.php?rest_route=\/wp\/v2\/types\/post"}],"author":[{"embeddable":true,"href":"https:\/\/www.reisetrottel.de\/index.php?rest_route=\/wp\/v2\/users\/2"}],"replies":[{"embeddable":true,"href":"https:\/\/www.reisetrottel.de\/index.php?rest_route=%2Fwp%2Fv2%2Fcomments&post=5178"}],"version-history":[{"count":11,"href":"https:\/\/www.reisetrottel.de\/index.php?rest_route=\/wp\/v2\/posts\/5178\/revisions"}],"predecessor-version":[{"id":5198,"href":"https:\/\/www.reisetrottel.de\/index.php?rest_route=\/wp\/v2\/posts\/5178\/revisions\/5198"}],"wp:featuredmedia":[{"embeddable":true,"href":"https:\/\/www.reisetrottel.de\/index.php?rest_route=\/wp\/v2\/media\/5179"}],"wp:attachment":[{"href":"https:\/\/www.reisetrottel.de\/index.php?rest_route=%2Fwp%2Fv2%2Fmedia&parent=5178"}],"wp:term":[{"taxonomy":"category","embeddable":true,"href":"https:\/\/www.reisetrottel.de\/index.php?rest_route=%2Fwp%2Fv2%2Fcategories&post=5178"},{"taxonomy":"post_tag","embeddable":true,"href":"https:\/\/www.reisetrottel.de\/index.php?rest_route=%2Fwp%2Fv2%2Ftags&post=5178"}],"curies":[{"name":"wp","href":"https:\/\/api.w.org\/{rel}","templated":true}]}}