{"id":5200,"date":"2014-07-12T12:59:49","date_gmt":"2014-07-12T10:59:49","guid":{"rendered":"http:\/\/www.reisetrottel.de\/?p=5200"},"modified":"2014-07-14T20:28:14","modified_gmt":"2014-07-14T18:28:14","slug":"favela-endspiel-ticker","status":"publish","type":"post","link":"https:\/\/www.reisetrottel.de\/?p=5200","title":{"rendered":"Favela Endspiel Ticker"},"content":{"rendered":"<p>aktuelle Neuigkeiten von der &#8222;groupo potro baltico&#8220; live aus Rio de Janeiro &#8211; rund um das Spiel des Jahres &#8230; unser <strong>copa do mundo final sprint<br \/>\n<\/strong><\/p>\n<p><strong>07:35h : Urlaub<\/strong><br \/>\nend of service &#8230; aber nen gl\u00fccklicher<\/p>\n<p><strong>21:45h : die Nummer<\/strong><br \/>\nEINS der Welt sind WIR<\/p>\n<p><strong>15:30h : Maracana<\/strong><br \/>\nalle im Stadion trotz heftiger Diskussionen mit dem Sicherheitspersonal &#8230; hier ist die H\u00f6lle los &#8230; wir geben alles &#8230; Kall, mei Troppe<\/p>\n<p><strong>14:30h vorm Maracana<\/strong><br \/>\nalle drin &#8211; Konstantin auch. H\u00e4tte fast auf der Wache \u00fcbernachtet&#8230; man, man<\/p>\n<p><strong>11:35h : Konstantin<\/strong><br \/>\nM\u00fchli hei\u00dft jetzt so &#8230; Neues aus Uhlenbusch ! Vamos Amigos, wir sind auf dem Weg Richtung Maracana !<\/p>\n<p><strong>10:08h : noch 6 Stunden<\/strong><br \/>\nhier l\u00e4uft die Tagesplanung mit h\u00f6gschter Konzentration. Man weiss ja nie, Tasche packen, alles zurecht r\u00fccken, Fahne putzen, die letzte Aspirin fr\u00fchst\u00fccken &#8230; der WM Flieger nach REC geht schlie\u00dflich schon um 11h. Super Wetter, \u00d6zilwetter &#8230; Anspannung pur !<\/p>\n<p><strong>08:35h : Angerichtet<\/strong><br \/>\ndie Nacht ist im schwarzen Loch verschwunden. Die Kneipe hat jetzt keinen a) J\u00e4germeister b) Caipi und c) Rum mehr. Alle da, die ersten sind aufgewacht. Internationaaal &#8230;<\/p>\n<p><strong>17:00h : Anpfiff in der Favela<\/strong><br \/>\nElfmeter nach zwei Minuten &#8230; 0:1. Wieder der fliegende Holl\u00e4nder. M\u00fchlis Handy lag daf\u00fcr doch neben der Toilette in der dunklen Garage. OK, 10 rote-erde Punkte, schade f\u00fcr die Stimmung hier. Noch 21 Stunden &#8230; die Gringos gehen jetzt futtern und warten auf auf den &#8222;Endspiel-Absahner&#8220;.<\/p>\n<p><strong>12:00h : Copa Strandbar<\/strong><br \/>\nman trifft sich bei leicht aufgelockerter Bew\u00f6lkung am Stammtisch zur Lagebesprechung. Fohlen-Aufkleber h\u00e4ngt immer noch an prominenter Stelle. Die Gauchos scheinen noch zu schlafen. Ist M\u00fchlis iPhone nun von den Musikern gerade geklaut worden oder liegt es im Verborgenen ?<\/p>\n<p><strong>07:55h : 100.000 Argentinier und El Prof erwartet<br \/>\n<\/strong>soll wohl einen riesigen Ansturm geben &#8211; alle ohne Tixx. Das wird ein Spass. Gestern Abend war schon m\u00e4chtig Trubel an der Copa. Wir sind&#8217;s ja gewohnt, in Unterzahl aufzutrumpfen: Ausw\u00e4rtssieeg !<\/p>\n<p><strong>07:00h immer noch Regen<\/strong><br \/>\nnachdem es gestern zeitweise gesch\u00fcttet hat wie aus Eimern, ist der Himmel auch heute beim Aufwachen regenverhangen &#8230; ganz sch\u00f6n frisch in Favela-Hausen. Zumal die Duschtemperatur sich auch im einstelligen Bereich bewegt. Ab 11h ist Besserung vorhergesagt.<\/p>\n","protected":false},"excerpt":{"rendered":"<p>aktuelle Neuigkeiten von der &#8222;groupo potro baltico&#8220; live aus Rio de Janeiro &#8211; rund um das Spiel des Jahres &#8230; unser copa do mundo final sprint 07:35h : Urlaub end of service &#8230; aber nen gl\u00fccklicher 21:45h : die Nummer EINS der Welt sind WIR 15:30h : Maracana alle im Stadion trotz heftiger Diskussionen mit <span class=\"ellipsis\">&hellip;<\/span> <span class=\"more-link-wrap\"><a href=\"https:\/\/www.reisetrottel.de\/?p=5200\" class=\"more-link\"><span>Read More &rarr;<\/span><\/a><\/span><\/p>\n","protected":false},"author":2,"featured_media":5232,"comment_status":"open","ping_status":"open","sticky":false,"template":"","format":"standard","meta":{"ngg_post_thumbnail":0,"footnotes":""},"categories":[20],"tags":[118],"class_list":["post-5200","post","type-post","status-publish","format-standard","has-post-thumbnail","hentry","category-brasilien","tag-wm2014"],"_links":{"self":[{"href":"https:\/\/www.reisetrottel.de\/index.php?rest_route=\/wp\/v2\/posts\/5200","targetHints":{"allow":["GET"]}}],"collection":[{"href":"https:\/\/www.reisetrottel.de\/index.php?rest_route=\/wp\/v2\/posts"}],"about":[{"href":"https:\/\/www.reisetrottel.de\/index.php?rest_route=\/wp\/v2\/types\/post"}],"author":[{"embeddable":true,"href":"https:\/\/www.reisetrottel.de\/index.php?rest_route=\/wp\/v2\/users\/2"}],"replies":[{"embeddable":true,"href":"https:\/\/www.reisetrottel.de\/index.php?rest_route=%2Fwp%2Fv2%2Fcomments&post=5200"}],"version-history":[{"count":30,"href":"https:\/\/www.reisetrottel.de\/index.php?rest_route=\/wp\/v2\/posts\/5200\/revisions"}],"predecessor-version":[{"id":5234,"href":"https:\/\/www.reisetrottel.de\/index.php?rest_route=\/wp\/v2\/posts\/5200\/revisions\/5234"}],"wp:featuredmedia":[{"embeddable":true,"href":"https:\/\/www.reisetrottel.de\/index.php?rest_route=\/wp\/v2\/media\/5232"}],"wp:attachment":[{"href":"https:\/\/www.reisetrottel.de\/index.php?rest_route=%2Fwp%2Fv2%2Fmedia&parent=5200"}],"wp:term":[{"taxonomy":"category","embeddable":true,"href":"https:\/\/www.reisetrottel.de\/index.php?rest_route=%2Fwp%2Fv2%2Fcategories&post=5200"},{"taxonomy":"post_tag","embeddable":true,"href":"https:\/\/www.reisetrottel.de\/index.php?rest_route=%2Fwp%2Fv2%2Ftags&post=5200"}],"curies":[{"name":"wp","href":"https:\/\/api.w.org\/{rel}","templated":true}]}}