{"id":5402,"date":"2014-11-30T14:43:31","date_gmt":"2014-11-30T12:43:31","guid":{"rendered":"http:\/\/www.reisetrottel.de\/?p=5402"},"modified":"2014-12-01T12:26:15","modified_gmt":"2014-12-01T10:26:15","slug":"schnell-mal-nach-valencia","status":"publish","type":"post","link":"https:\/\/www.reisetrottel.de\/?p=5402","title":{"rendered":"schnell mal nach Valencia"},"content":{"rendered":"<p style=\"text-align: justify;\">die Moni aus der 3-Wetter-Taft Werbung schaut immer so vergn\u00fcgt daher beim Umsteigen. Wahrscheinlich gehen Ihre Fl\u00fcge auch stets p\u00fcnktlich &#8230; meine jedenfalls\u00a0nicht ! Der dichte Nebel in Tegel liess es schon erahnen: Das wird wohl eng in Z\u00fcrich. Zusammen mit Borusse Henry (entpuppte sich sp\u00e4ter als Mini-M\u00fchli) dann kurz vor der Landung bereits Gewissheit. Aus dem Nachmittags-Tee in Valencia wird ein Abend-Snack in Lissabon; Ankunft VLC acht Stunden hinter Plan. Der Tag ist schon mal mehr als gelaufen.<\/p>\n<p style=\"text-align: justify;\"><a href=\"https:\/\/www.reisetrottel.de\/wp-content\/uploads\/2014\/11\/VLC_RT05.jpg\"><img loading=\"lazy\" decoding=\"async\" class=\"aligncenter size-full wp-image-5405\" src=\"https:\/\/www.reisetrottel.de\/wp-content\/uploads\/2014\/11\/VLC_RT05.jpg\" alt=\"VLC_RT05\" width=\"800\" height=\"396\" srcset=\"https:\/\/www.reisetrottel.de\/wp-content\/uploads\/2014\/11\/VLC_RT05.jpg 800w, https:\/\/www.reisetrottel.de\/wp-content\/uploads\/2014\/11\/VLC_RT05-300x148.jpg 300w\" sizes=\"auto, (max-width: 800px) 100vw, 800px\" \/><\/a><\/p>\n<p style=\"text-align: justify;\">Das Aufw\u00e4rmen vor dem <a href=\"http:\/\/www.ostseefohlen.de\/2014\/11\/29\/am-kartenhaeuschen-bei-villarreal\/\" target=\"_blank\">5. Spieltag der Euro-League <\/a>(Gegner ist der 60 km n\u00f6rdlich beheimatete FC Villarreal) gestaltet sich daf\u00fcr als recht freundliches Unterfangen. Wie mit der SCF Schaar seinerzeit in Sevilla bereits hinl\u00e4nglich ge\u00fcbt: Leichtes Kulturprogramm mit reichlich Erfrischungen zwischendurch &#8230; Vereinzelte Fohlenj\u00fcnger trabten\u00a0bereits unter sachdienlicher F\u00fchrung von Don Meier durch die Altstadt.<\/p>\n<p style=\"text-align: justify;\"><a href=\"https:\/\/www.reisetrottel.de\/wp-content\/uploads\/2014\/11\/VLC_RT1.jpg\"><img loading=\"lazy\" decoding=\"async\" class=\"aligncenter size-full wp-image-5407\" src=\"https:\/\/www.reisetrottel.de\/wp-content\/uploads\/2014\/11\/VLC_RT1.jpg\" alt=\"VLC_RT1\" width=\"800\" height=\"427\" srcset=\"https:\/\/www.reisetrottel.de\/wp-content\/uploads\/2014\/11\/VLC_RT1.jpg 800w, https:\/\/www.reisetrottel.de\/wp-content\/uploads\/2014\/11\/VLC_RT1-300x160.jpg 300w\" sizes=\"auto, (max-width: 800px) 100vw, 800px\" \/><\/a><\/p>\n<p style=\"text-align: justify;\">Abends mit 4 Flaschen Rioja inklusive Henry in der &#8222;Taverna Familia&#8220; dinniert. Eine letzte, undurchsichtige Nachricht von Henry gegen 5:30h &#8230; und er blieb f\u00fcr immer verschollen, hm ? Kein Spanisch, kein Englisch &#8211; hoffentlich hat ihn die Mafia nicht gekascht. Bei uns auf Balkonien neben dem Mercado Central hingegen allet chic &#8211; Jugendstil halt.<\/p>\n<p style=\"text-align: justify;\"><a href=\"https:\/\/www.reisetrottel.de\/wp-content\/uploads\/2014\/11\/VLC_RT0.jpg\"><img loading=\"lazy\" decoding=\"async\" class=\"aligncenter size-full wp-image-5408\" src=\"https:\/\/www.reisetrottel.de\/wp-content\/uploads\/2014\/11\/VLC_RT0.jpg\" alt=\"VLC_RT0\" width=\"800\" height=\"428\" srcset=\"https:\/\/www.reisetrottel.de\/wp-content\/uploads\/2014\/11\/VLC_RT0.jpg 800w, https:\/\/www.reisetrottel.de\/wp-content\/uploads\/2014\/11\/VLC_RT0-300x160.jpg 300w\" sizes=\"auto, (max-width: 800px) 100vw, 800px\" \/><\/a><\/p>\n<p style=\"text-align: justify;\">Die obligatorische Stadtrundfahrt durfte nat\u00fcrlich\u00a0nicht fehlen. Einmal Sandstrand und zur\u00fcck, vorbei an der leicht rostenden Ciudad-de-las-Artes hin zum Hafen, der seinerzeit Ausgangspunkt f\u00fcr den Admirals Cup war. Hier irgendwo ist auch die Formel-1 Strecke beheimatet &#8211; man kann sie jedoch nur erahnen.<\/p>\n<p style=\"text-align: justify;\"><a href=\"https:\/\/www.reisetrottel.de\/wp-content\/uploads\/2014\/11\/VLC_RT01.jpg\"><img loading=\"lazy\" decoding=\"async\" class=\"aligncenter size-full wp-image-5411\" src=\"https:\/\/www.reisetrottel.de\/wp-content\/uploads\/2014\/11\/VLC_RT01.jpg\" alt=\"VLC_RT01\" width=\"800\" height=\"401\" srcset=\"https:\/\/www.reisetrottel.de\/wp-content\/uploads\/2014\/11\/VLC_RT01.jpg 800w, https:\/\/www.reisetrottel.de\/wp-content\/uploads\/2014\/11\/VLC_RT01-300x150.jpg 300w\" sizes=\"auto, (max-width: 800px) 100vw, 800px\" \/><\/a><\/p>\n<p style=\"text-align: justify;\">Alles bei angenehmen 22 Grad, feiner Sand, sauberes Wasser &#8211; l\u00e4ssiges Leben am Mittelmeer. Der Malvarrosa Strand &#8211; 6 km vom Stadtkern entfernt &#8211; kommt ebenso gem\u00fctlich daher, wie die gesamte Stadt. Eine breite Promenade und kleine Kneipen bzw. Restaurants sorgen f\u00fcr Urlaubsstimmung. Nichts mit Hektik, Staus und \u00fcberf\u00fcllten Gassen.<\/p>\n<p style=\"text-align: justify;\">Dann noch flux einmal Vila-Real und zur\u00fcck, ein Ausw\u00e4rtspunkt mit im Gep\u00e4ck. Beim R\u00fcckflug dann die Ansage &#8222;eine Stunde Warteschleife&#8220;. Nein, nicht schon wieder &#8230; ist aber alles noch mal gut gegangen.<\/p>\n<p style=\"text-align: justify;\"><a href=\"https:\/\/www.reisetrottel.de\/wp-content\/uploads\/2014\/11\/VLC_RT04.jpg\"><img loading=\"lazy\" decoding=\"async\" class=\"aligncenter size-full wp-image-5413\" src=\"https:\/\/www.reisetrottel.de\/wp-content\/uploads\/2014\/11\/VLC_RT04.jpg\" alt=\"VLC_RT04\" width=\"800\" height=\"386\" srcset=\"https:\/\/www.reisetrottel.de\/wp-content\/uploads\/2014\/11\/VLC_RT04.jpg 800w, https:\/\/www.reisetrottel.de\/wp-content\/uploads\/2014\/11\/VLC_RT04-300x144.jpg 300w\" sizes=\"auto, (max-width: 800px) 100vw, 800px\" \/><\/a><\/p>\n","protected":false},"excerpt":{"rendered":"<p>die Moni aus der 3-Wetter-Taft Werbung schaut immer so vergn\u00fcgt daher beim Umsteigen. Wahrscheinlich gehen Ihre Fl\u00fcge auch stets p\u00fcnktlich &#8230; meine jedenfalls\u00a0nicht ! Der dichte Nebel in Tegel liess es schon erahnen: Das wird wohl eng in Z\u00fcrich. Zusammen mit Borusse Henry (entpuppte sich sp\u00e4ter als Mini-M\u00fchli) dann kurz vor der Landung bereits Gewissheit. <span class=\"ellipsis\">&hellip;<\/span> <span class=\"more-link-wrap\"><a href=\"https:\/\/www.reisetrottel.de\/?p=5402\" class=\"more-link\"><span>Read More &rarr;<\/span><\/a><\/span><\/p>\n","protected":false},"author":4,"featured_media":5403,"comment_status":"open","ping_status":"closed","sticky":false,"template":"","format":"standard","meta":{"ngg_post_thumbnail":0,"footnotes":""},"categories":[10],"tags":[114,31],"class_list":["post-5402","post","type-post","status-publish","format-standard","has-post-thumbnail","hentry","category-spanien","tag-fusek","tag-ostseefohlen"],"_links":{"self":[{"href":"https:\/\/www.reisetrottel.de\/index.php?rest_route=\/wp\/v2\/posts\/5402","targetHints":{"allow":["GET"]}}],"collection":[{"href":"https:\/\/www.reisetrottel.de\/index.php?rest_route=\/wp\/v2\/posts"}],"about":[{"href":"https:\/\/www.reisetrottel.de\/index.php?rest_route=\/wp\/v2\/types\/post"}],"author":[{"embeddable":true,"href":"https:\/\/www.reisetrottel.de\/index.php?rest_route=\/wp\/v2\/users\/4"}],"replies":[{"embeddable":true,"href":"https:\/\/www.reisetrottel.de\/index.php?rest_route=%2Fwp%2Fv2%2Fcomments&post=5402"}],"version-history":[{"count":10,"href":"https:\/\/www.reisetrottel.de\/index.php?rest_route=\/wp\/v2\/posts\/5402\/revisions"}],"predecessor-version":[{"id":5419,"href":"https:\/\/www.reisetrottel.de\/index.php?rest_route=\/wp\/v2\/posts\/5402\/revisions\/5419"}],"wp:featuredmedia":[{"embeddable":true,"href":"https:\/\/www.reisetrottel.de\/index.php?rest_route=\/wp\/v2\/media\/5403"}],"wp:attachment":[{"href":"https:\/\/www.reisetrottel.de\/index.php?rest_route=%2Fwp%2Fv2%2Fmedia&parent=5402"}],"wp:term":[{"taxonomy":"category","embeddable":true,"href":"https:\/\/www.reisetrottel.de\/index.php?rest_route=%2Fwp%2Fv2%2Fcategories&post=5402"},{"taxonomy":"post_tag","embeddable":true,"href":"https:\/\/www.reisetrottel.de\/index.php?rest_route=%2Fwp%2Fv2%2Ftags&post=5402"}],"curies":[{"name":"wp","href":"https:\/\/api.w.org\/{rel}","templated":true}]}}