{"id":5455,"date":"2015-04-12T19:32:23","date_gmt":"2015-04-12T17:32:23","guid":{"rendered":"http:\/\/www.reisetrottel.de\/?p=5455"},"modified":"2015-04-13T00:47:26","modified_gmt":"2015-04-12T22:47:26","slug":"1-000-tage-und-naechte","status":"publish","type":"post","link":"https:\/\/www.reisetrottel.de\/?p=5455","title":{"rendered":"1.000 Tage und N\u00e4chte &#8230;"},"content":{"rendered":"<p style=\"text-align: justify;\">auf See, und das Land kommt nie zur\u00fcck. Was Spliff schon in den 80ern wu\u00dfte, wird f\u00fcr uns gerade zur realen Gewissheit &#8211; schippern wir doch momentan mit einer H\u00f6chstgeschwindigkeit von knapp\u00a06 Knoten in nur 36h Richtung Madeira. Mit der Internetleitung via Satellit auf hoher See ist es zwar bekannterma\u00dfen schwierig, aber wir versuchen es jetzt einfach mal (Bilder werden im Zweifel nachgereicht). Schlie\u00dflich ist das prominente Duo von der Reisetrottel Tabellenspitze am Start.<\/p>\n<p style=\"text-align: justify;\">Um so erstaunlicher, dass auf der Hinreise so gar nichts schiefgehen wollte. Andererseits hat sich das Hotel am Flughafen\u00a0den Pokal f\u00fcr die dusseligste Rezeption des Jahres redlich verdient, nach mehreren Gesch\u00e4ftsprozessanalysen\u00a0haben wir dann lieber doch eigenst\u00e4ndig unser Auto\u00a0Richtung Mitteldeck verfrachtet. Die Parkkarte(n) m\u00fcssen bei der ganzen Prozedur insgesamt\u00a05 mal an der Rezi vorgezeigt bzw. bearbeitet werden.<\/p>\n<p style=\"text-align: justify;\">In der Germanwings gab&#8217;s dann vor Abflug eine r\u00fchrselige Ansprache des Piloten. Schnief, aha, allet sicher, na dann &#8230; Alles AIDA G\u00e4ste, das sah schon mal nicht soo knackelig aus.<\/p>\n<p style=\"text-align: justify;\"><a href=\"https:\/\/www.reisetrottel.de\/wp-content\/uploads\/2015\/04\/AIDA_1.jpg\"><img loading=\"lazy\" decoding=\"async\" class=\"aligncenter size-full wp-image-5461\" src=\"https:\/\/www.reisetrottel.de\/wp-content\/uploads\/2015\/04\/AIDA_1.jpg\" alt=\"AIDA_1\" width=\"800\" height=\"371\" srcset=\"https:\/\/www.reisetrottel.de\/wp-content\/uploads\/2015\/04\/AIDA_1.jpg 800w, https:\/\/www.reisetrottel.de\/wp-content\/uploads\/2015\/04\/AIDA_1-300x139.jpg 300w\" sizes=\"auto, (max-width: 800px) 100vw, 800px\" \/><\/a><\/p>\n<p style=\"text-align: justify;\">Ankunft p\u00fcnktlich zum Anpfiff der ersten Bundesliga Halbzeit. Denkste, Handy an &#8211; steht schon 1:0 nach 30 Sekunden. Jaaa, DAS ist Urlaub. Schnell noch die Havana Fl\u00e4schen an Bord geschmuggelt, Leinen Los und ab. Nein, da war noch die zum xten mal durchorganisierte Anleitung zur Massenpanik, auch Notfall\u00fcbung genannt oder so. Wenn&#8217;s wirklich brenzlig wird, na dann Prost.<\/p>\n<p style=\"text-align: justify;\">Die Balkonhoheit wurde zumindest zur\u00fcckerobert. Auf Deck 6 sind die gr\u00f6\u00dften &#8211; quasi doppelt so gro\u00df wie der Rest. Aber, ja aber &#8230; der Cuba wird mit Pepsi und Barcadi gemixt, geht&#8217;s noch schlimmer ? Old Pascas hie\u00df der\u00a0fr\u00fcher bei Aldi gepaart mit happy\u00a0River Cola &#8230; n\u00e4chstes Jahr. Kurios auch, dass am Getr\u00e4nkeautomat keine Preise stehen. \u00dcberraschung, es wurden 2,10 \u20ac auf ihre Bordkarte gebucht.<\/p>\n<p style=\"text-align: justify;\">Erste Reklamation (st\u00e4ndig laut t\u00f6sende Klimaanlage) abgegeben, Mario (Makadi Tauchen) getroffen &#8230; Schaun mer mal, hihi<\/p>\n","protected":false},"excerpt":{"rendered":"<p>auf See, und das Land kommt nie zur\u00fcck. Was Spliff schon in den 80ern wu\u00dfte, wird f\u00fcr uns gerade zur realen Gewissheit &#8211; schippern wir doch momentan mit einer H\u00f6chstgeschwindigkeit von knapp\u00a06 Knoten in nur 36h Richtung Madeira. Mit der Internetleitung via Satellit auf hoher See ist es zwar bekannterma\u00dfen schwierig, aber wir versuchen es <span class=\"ellipsis\">&hellip;<\/span> <span class=\"more-link-wrap\"><a href=\"https:\/\/www.reisetrottel.de\/?p=5455\" class=\"more-link\"><span>Read More &rarr;<\/span><\/a><\/span><\/p>\n","protected":false},"author":4,"featured_media":5460,"comment_status":"open","ping_status":"open","sticky":false,"template":"","format":"standard","meta":{"ngg_post_thumbnail":0,"footnotes":""},"categories":[1,3,10],"tags":[45],"class_list":["post-5455","post","type-post","status-publish","format-standard","has-post-thumbnail","hentry","category-allgemein","category-reisetrottel","category-spanien","tag-aida"],"_links":{"self":[{"href":"https:\/\/www.reisetrottel.de\/index.php?rest_route=\/wp\/v2\/posts\/5455","targetHints":{"allow":["GET"]}}],"collection":[{"href":"https:\/\/www.reisetrottel.de\/index.php?rest_route=\/wp\/v2\/posts"}],"about":[{"href":"https:\/\/www.reisetrottel.de\/index.php?rest_route=\/wp\/v2\/types\/post"}],"author":[{"embeddable":true,"href":"https:\/\/www.reisetrottel.de\/index.php?rest_route=\/wp\/v2\/users\/4"}],"replies":[{"embeddable":true,"href":"https:\/\/www.reisetrottel.de\/index.php?rest_route=%2Fwp%2Fv2%2Fcomments&post=5455"}],"version-history":[{"count":6,"href":"https:\/\/www.reisetrottel.de\/index.php?rest_route=\/wp\/v2\/posts\/5455\/revisions"}],"predecessor-version":[{"id":5463,"href":"https:\/\/www.reisetrottel.de\/index.php?rest_route=\/wp\/v2\/posts\/5455\/revisions\/5463"}],"wp:featuredmedia":[{"embeddable":true,"href":"https:\/\/www.reisetrottel.de\/index.php?rest_route=\/wp\/v2\/media\/5460"}],"wp:attachment":[{"href":"https:\/\/www.reisetrottel.de\/index.php?rest_route=%2Fwp%2Fv2%2Fmedia&parent=5455"}],"wp:term":[{"taxonomy":"category","embeddable":true,"href":"https:\/\/www.reisetrottel.de\/index.php?rest_route=%2Fwp%2Fv2%2Fcategories&post=5455"},{"taxonomy":"post_tag","embeddable":true,"href":"https:\/\/www.reisetrottel.de\/index.php?rest_route=%2Fwp%2Fv2%2Ftags&post=5455"}],"curies":[{"name":"wp","href":"https:\/\/api.w.org\/{rel}","templated":true}]}}