{"id":5554,"date":"2015-09-25T17:43:05","date_gmt":"2015-09-25T15:43:05","guid":{"rendered":"http:\/\/www.reisetrottel.de\/?p=5554"},"modified":"2015-09-25T17:50:37","modified_gmt":"2015-09-25T15:50:37","slug":"kreta-gambas-und-meehr","status":"publish","type":"post","link":"https:\/\/www.reisetrottel.de\/?p=5554","title":{"rendered":"Kreta: Gambas und Mee(h)r"},"content":{"rendered":"<p style=\"text-align: justify;\">gut r\u00fcbergesetzt, die \u00fcbliche Fliega-Klima Erk\u00e4ltung abgefasst und dann erstmal der Super-GAU:\u00a0Monsieur Lucien macht die sprichw\u00f6rtliche Flatter. Quasi Schockstarre bereits am Mietwagenschalter &#8230; oder doch ne Ente ?<\/p>\n<p style=\"text-align: justify;\">Die Meldungen, posting start at Gladbacher D\u00f6ner Bude near Alter Markt verdichten sich leider. F\u00fcr jedes Jahr nen Ouzo &#8211; oder lieber gleich f\u00fcr jedes Heimspiel ? Man einigt sich: F\u00fcr jedes Europapokalspiel. Kommt der Spieleranzahl beim Reli-R\u00fcckspiel gegen Bochum am n\u00e4chsten. Man, man, man &#8230;<\/p>\n<p><a href=\"https:\/\/www.reisetrottel.de\/wp-content\/uploads\/2015\/09\/Crete_P_1.jpg\"><img loading=\"lazy\" decoding=\"async\" class=\"aligncenter size-full wp-image-5556\" src=\"https:\/\/www.reisetrottel.de\/wp-content\/uploads\/2015\/09\/Crete_P_1.jpg\" alt=\"Crete_P_1\" width=\"800\" height=\"428\" srcset=\"https:\/\/www.reisetrottel.de\/wp-content\/uploads\/2015\/09\/Crete_P_1.jpg 800w, https:\/\/www.reisetrottel.de\/wp-content\/uploads\/2015\/09\/Crete_P_1-300x161.jpg 300w\" sizes=\"auto, (max-width: 800px) 100vw, 800px\" \/><\/a><\/p>\n<p style=\"text-align: justify;\">Wer kann da chillen ? Und wie \u00fcberhaupt ? Alles Gebu-Ged\u00f6ns ger\u00e4t in schlummernde Vergessenheit. Wenig bis \u00fcberhaupt nicht telefonieren, keine Presse mehr lesen &#8230; einfach nur abwarten. Das Kaninchen vor der Schlange. Und Schwups &#8211; die Hoppeltier-Vorspeise kommt aus der Puppenkiste. Bingo, schmerzlindernd nennt man das hierzulande.<\/p>\n<p style=\"text-align: justify;\">Jetzt geht&#8217;s also langsam wieder Richtung nicht-mehr existenzgef\u00e4hrdender Drehzahlbereich. Der Gladbachschaal darf wieder am Aldiana Balkon h\u00e4ngen und manch Trunkenbold den schwierigen Heimweg weisen. Wahrer Urlaub findet gaaanz langsam den Weg zur\u00fcck in die Gem\u00fcter &#8230; Jetzt geht&#8217;s um Nachhaltigkeit !<\/p>\n<p><a href=\"https:\/\/www.reisetrottel.de\/wp-content\/uploads\/2015\/09\/Crete_P_3.jpg\"><img loading=\"lazy\" decoding=\"async\" class=\"aligncenter size-full wp-image-5557\" src=\"https:\/\/www.reisetrottel.de\/wp-content\/uploads\/2015\/09\/Crete_P_3.jpg\" alt=\"Crete_P_3\" width=\"800\" height=\"386\" srcset=\"https:\/\/www.reisetrottel.de\/wp-content\/uploads\/2015\/09\/Crete_P_3.jpg 800w, https:\/\/www.reisetrottel.de\/wp-content\/uploads\/2015\/09\/Crete_P_3-300x145.jpg 300w\" sizes=\"auto, (max-width: 800px) 100vw, 800px\" \/><\/a><\/p>\n<p style=\"text-align: justify;\">Derweil gibt&#8217;s Essen vom Feinsten &#8211; und nicht nur am Galaabend. Eine nicht unwesentliche Kleinigkeit war ja schon aus vergangenen Besuchen hinl\u00e4nglich bekannt: Der K\u00fchlschrank ist prinzipiell in der Lage, Eisw\u00fcrfel cubagerecht zu festigen. Weite &#8211; meist unn\u00f6tige Wege &#8211; k\u00f6nnen so auf ein Minimum reduziert werden.<\/p>\n<p style=\"text-align: justify;\">Da nutzt das reisetrottel Vorstands-Team die Zeit doch gerne, im internen Fotowettbewerb mit allerlei Hochleistungs-Kameras wahllose Sonnenunterg\u00e4nge festzuhalten. Wenn die zahllose Router-Hardware nur auch so brillieren w\u00fcrde &#8230; to be continued.<\/p>\n<p><a href=\"https:\/\/www.reisetrottel.de\/wp-content\/uploads\/2015\/09\/Crete_P_2.jpg\"><img loading=\"lazy\" decoding=\"async\" class=\"aligncenter size-full wp-image-5558\" src=\"https:\/\/www.reisetrottel.de\/wp-content\/uploads\/2015\/09\/Crete_P_2.jpg\" alt=\"Crete_P_2\" width=\"800\" height=\"368\" srcset=\"https:\/\/www.reisetrottel.de\/wp-content\/uploads\/2015\/09\/Crete_P_2.jpg 800w, https:\/\/www.reisetrottel.de\/wp-content\/uploads\/2015\/09\/Crete_P_2-300x138.jpg 300w\" sizes=\"auto, (max-width: 800px) 100vw, 800px\" \/><\/a><\/p>\n","protected":false},"excerpt":{"rendered":"<p>gut r\u00fcbergesetzt, die \u00fcbliche Fliega-Klima Erk\u00e4ltung abgefasst und dann erstmal der Super-GAU:\u00a0Monsieur Lucien macht die sprichw\u00f6rtliche Flatter. Quasi Schockstarre bereits am Mietwagenschalter &#8230; oder doch ne Ente ? Die Meldungen, posting start at Gladbacher D\u00f6ner Bude near Alter Markt verdichten sich leider. F\u00fcr jedes Jahr nen Ouzo &#8211; oder lieber gleich f\u00fcr jedes Heimspiel ? <span class=\"ellipsis\">&hellip;<\/span> <span class=\"more-link-wrap\"><a href=\"https:\/\/www.reisetrottel.de\/?p=5554\" class=\"more-link\"><span>Read More &rarr;<\/span><\/a><\/span><\/p>\n","protected":false},"author":2,"featured_media":5555,"comment_status":"open","ping_status":"open","sticky":false,"template":"","format":"standard","meta":{"ngg_post_thumbnail":0,"footnotes":""},"categories":[8],"tags":[39],"class_list":["post-5554","post","type-post","status-publish","format-standard","has-post-thumbnail","hentry","category-griechenland","tag-aldiana"],"_links":{"self":[{"href":"https:\/\/www.reisetrottel.de\/index.php?rest_route=\/wp\/v2\/posts\/5554","targetHints":{"allow":["GET"]}}],"collection":[{"href":"https:\/\/www.reisetrottel.de\/index.php?rest_route=\/wp\/v2\/posts"}],"about":[{"href":"https:\/\/www.reisetrottel.de\/index.php?rest_route=\/wp\/v2\/types\/post"}],"author":[{"embeddable":true,"href":"https:\/\/www.reisetrottel.de\/index.php?rest_route=\/wp\/v2\/users\/2"}],"replies":[{"embeddable":true,"href":"https:\/\/www.reisetrottel.de\/index.php?rest_route=%2Fwp%2Fv2%2Fcomments&post=5554"}],"version-history":[{"count":7,"href":"https:\/\/www.reisetrottel.de\/index.php?rest_route=\/wp\/v2\/posts\/5554\/revisions"}],"predecessor-version":[{"id":5565,"href":"https:\/\/www.reisetrottel.de\/index.php?rest_route=\/wp\/v2\/posts\/5554\/revisions\/5565"}],"wp:featuredmedia":[{"embeddable":true,"href":"https:\/\/www.reisetrottel.de\/index.php?rest_route=\/wp\/v2\/media\/5555"}],"wp:attachment":[{"href":"https:\/\/www.reisetrottel.de\/index.php?rest_route=%2Fwp%2Fv2%2Fmedia&parent=5554"}],"wp:term":[{"taxonomy":"category","embeddable":true,"href":"https:\/\/www.reisetrottel.de\/index.php?rest_route=%2Fwp%2Fv2%2Fcategories&post=5554"},{"taxonomy":"post_tag","embeddable":true,"href":"https:\/\/www.reisetrottel.de\/index.php?rest_route=%2Fwp%2Fv2%2Ftags&post=5554"}],"curies":[{"name":"wp","href":"https:\/\/api.w.org\/{rel}","templated":true}]}}