{"id":5668,"date":"2016-02-09T17:09:25","date_gmt":"2016-02-09T15:09:25","guid":{"rendered":"http:\/\/www.reisetrottel.de\/?p=5668"},"modified":"2016-02-09T17:19:15","modified_gmt":"2016-02-09T15:19:15","slug":"fuerte-mal-wieder-mit-den-miezies-on-tour","status":"publish","type":"post","link":"https:\/\/www.reisetrottel.de\/?p=5668","title":{"rendered":"Fuerte &#8230; mal wieder mit den Miezies on tour"},"content":{"rendered":"<p style=\"text-align: justify;\">kurzerhand erreichte uns hier auf Fuerteventura die Nachricht, dass Aldiana mal wieder den Besitzer gewechselt hat &#8211; angefangen von Cook \u00fcber demletzt Big M nunmehr an eine holl\u00e4ndisch\/schweizer Investorengruppe namens LMEY. Grund genug, bei unserem Routineaufenthalt mal wieder etwas kritischer hinter die Kulissen zu schauen.<\/p>\n<p><img loading=\"lazy\" decoding=\"async\" class=\"aligncenter size-full wp-image-5670\" src=\"https:\/\/www.reisetrottel.de\/wp-content\/uploads\/2016\/02\/FUE_1b.jpg\" alt=\"FUE_1b\" width=\"797\" height=\"438\" srcset=\"https:\/\/www.reisetrottel.de\/wp-content\/uploads\/2016\/02\/FUE_1b.jpg 797w, https:\/\/www.reisetrottel.de\/wp-content\/uploads\/2016\/02\/FUE_1b-300x165.jpg 300w, https:\/\/www.reisetrottel.de\/wp-content\/uploads\/2016\/02\/FUE_1b-768x422.jpg 768w\" sizes=\"auto, (max-width: 797px) 100vw, 797px\" \/><\/p>\n<p style=\"text-align: justify;\">Der Club und seine Appartementos sind in die Jahre gekommen und br\u00f6ckeln doch deutlich an einigen Ecken und Kanten. Zudem wird das Strandrestaurant gerade k\u00fcchentechnisch renoviert &#8230; was hinsichtlich Langschl\u00e4ferfr\u00fchst\u00fcck diesmal zu erheblichen Einschr\u00e4nkungen gef\u00fchrt hat. Jede Art von Investition ist vor Ort sicher mehr als willkommen &#8230; vielleicht kehrt dann auch der Sand reum\u00fctig zum Strand zur\u00fcck. Internet auf den Zimmern w\u00e4re auch mal ne gute Idee &#8230;<\/p>\n<p><img loading=\"lazy\" decoding=\"async\" class=\"aligncenter size-full wp-image-5672\" src=\"https:\/\/www.reisetrottel.de\/wp-content\/uploads\/2016\/02\/FUE_1a.jpg\" alt=\"FUE_1a\" width=\"768\" height=\"396\" srcset=\"https:\/\/www.reisetrottel.de\/wp-content\/uploads\/2016\/02\/FUE_1a.jpg 768w, https:\/\/www.reisetrottel.de\/wp-content\/uploads\/2016\/02\/FUE_1a-300x155.jpg 300w\" sizes=\"auto, (max-width: 768px) 100vw, 768px\" \/><\/p>\n<p style=\"text-align: justify;\">Im Gegensatz beispielsweise zu Kreta ist der allseits beliebte Ramazzotti jedoch nach wie vor im All-In-Package enthalten. Auch sky-Bundesliga findet sich &#8211; zugegeben etwas versteckelt &#8211; im TV-Programm auch auf den Zimmern wieder. Die Gladbacher Torgala gegen die Bremer Fischk\u00f6pp konnte also in voller Auskostung genossen werden.<\/p>\n<p><img loading=\"lazy\" decoding=\"async\" class=\"aligncenter size-full wp-image-5673\" src=\"https:\/\/www.reisetrottel.de\/wp-content\/uploads\/2016\/02\/FUE_1.jpg\" alt=\"FUE_1\" width=\"705\" height=\"397\" srcset=\"https:\/\/www.reisetrottel.de\/wp-content\/uploads\/2016\/02\/FUE_1.jpg 705w, https:\/\/www.reisetrottel.de\/wp-content\/uploads\/2016\/02\/FUE_1-300x169.jpg 300w\" sizes=\"auto, (max-width: 705px) 100vw, 705px\" \/><\/p>\n<p style=\"text-align: justify;\">Wer hat dem Dachstreicher eigentlich vergessen zu erz\u00e4hlen, dass man auch auf den Kanaren wasserfeste Farben benutzen k\u00f6nnte ? Schaut euch die Miss Germany Anw\u00e4rterinnen an, da ist alles dick und kr\u00e4ftig aufgetragen &#8230; da fliesst nix von alleine.<\/p>\n<p><img loading=\"lazy\" decoding=\"async\" class=\"aligncenter size-full wp-image-5675\" src=\"https:\/\/www.reisetrottel.de\/wp-content\/uploads\/2016\/02\/FUE_2a.jpg\" alt=\"FUE_2a\" width=\"670\" height=\"384\" srcset=\"https:\/\/www.reisetrottel.de\/wp-content\/uploads\/2016\/02\/FUE_2a.jpg 670w, https:\/\/www.reisetrottel.de\/wp-content\/uploads\/2016\/02\/FUE_2a-300x172.jpg 300w\" sizes=\"auto, (max-width: 670px) 100vw, 670px\" \/><\/p>\n<p style=\"text-align: justify;\">Kein leichtes Programm f\u00fcr die 24 Hasies und Mausies, Laufsteg \u00fcben, Reden \u00fcben, Singen m\u00fcssen &#8230; Wir haben es da deutlich besser &amp; sch\u00f6n anzusehen ist die Szenerie &#8211; mit Rolfe inklusive &#8211; allemal. Nur beim Pokerabend gab&#8217;s mal wieder keinen Topf zu gewinnen. \u00dcben, \u00fcben, \u00fcben &#8230;<\/p>\n<p><img loading=\"lazy\" decoding=\"async\" class=\"aligncenter size-full wp-image-5688\" src=\"https:\/\/www.reisetrottel.de\/wp-content\/uploads\/2016\/02\/FUE_2c1.jpg\" alt=\"FUE_2c1\" width=\"663\" height=\"308\" srcset=\"https:\/\/www.reisetrottel.de\/wp-content\/uploads\/2016\/02\/FUE_2c1.jpg 663w, https:\/\/www.reisetrottel.de\/wp-content\/uploads\/2016\/02\/FUE_2c1-300x139.jpg 300w\" sizes=\"auto, (max-width: 663px) 100vw, 663px\" \/><\/p>\n<p>Morgen wird dann wieder die Miss Aldiana gew\u00e4hlt, da sind wir dann aber schon wieder im Landeanflug auf Hamburg. Wer h\u00e4tte gedacht, dass 10 Tage schon wieder so schnell rumgehen. Aber das T1 darf schliesslich auch nicht zu kurz kommen.<\/p>\n<p><img loading=\"lazy\" decoding=\"async\" class=\"aligncenter size-full wp-image-5689\" src=\"https:\/\/www.reisetrottel.de\/wp-content\/uploads\/2016\/02\/FUE_2b1.jpg\" alt=\"FUE_2b1\" width=\"832\" height=\"413\" srcset=\"https:\/\/www.reisetrottel.de\/wp-content\/uploads\/2016\/02\/FUE_2b1.jpg 832w, https:\/\/www.reisetrottel.de\/wp-content\/uploads\/2016\/02\/FUE_2b1-300x149.jpg 300w, https:\/\/www.reisetrottel.de\/wp-content\/uploads\/2016\/02\/FUE_2b1-768x381.jpg 768w\" sizes=\"auto, (max-width: 832px) 100vw, 832px\" \/><\/p>\n<p style=\"text-align: justify;\">Ach und dann ist da ja auch noch sowas komisches wie Karneval. Nichts von wegen Unwetter und Sturm hier auf der Insel, eher st\u00fcrmisches Umhergerenne. Wer nicht h\u00fcpft, der ist ein K&#8230;<\/p>\n<p><img loading=\"lazy\" decoding=\"async\" class=\"aligncenter size-full wp-image-5681\" src=\"https:\/\/www.reisetrottel.de\/wp-content\/uploads\/2016\/02\/FUE_3.jpg\" alt=\"FUE_3\" width=\"735\" height=\"387\" srcset=\"https:\/\/www.reisetrottel.de\/wp-content\/uploads\/2016\/02\/FUE_3.jpg 735w, https:\/\/www.reisetrottel.de\/wp-content\/uploads\/2016\/02\/FUE_3-300x158.jpg 300w\" sizes=\"auto, (max-width: 735px) 100vw, 735px\" \/><\/p>\n<p style=\"text-align: justify;\">Hatten also alle wieder ihren Spass, die asylsuchende Katzenbande (auch Miezies) rund um und in unserem Appartement ebenso wie die mitgereisten halbw\u00fcchsigen Terrorwespen.<\/p>\n<p><img loading=\"lazy\" decoding=\"async\" class=\"aligncenter size-full wp-image-5682\" src=\"https:\/\/www.reisetrottel.de\/wp-content\/uploads\/2016\/02\/FUE_3a.jpg\" alt=\"FUE_3a\" width=\"720\" height=\"365\" srcset=\"https:\/\/www.reisetrottel.de\/wp-content\/uploads\/2016\/02\/FUE_3a.jpg 720w, https:\/\/www.reisetrottel.de\/wp-content\/uploads\/2016\/02\/FUE_3a-300x152.jpg 300w\" sizes=\"auto, (max-width: 720px) 100vw, 720px\" \/><\/p>\n<p>&nbsp;<\/p>\n","protected":false},"excerpt":{"rendered":"<p>kurzerhand erreichte uns hier auf Fuerteventura die Nachricht, dass Aldiana mal wieder den Besitzer gewechselt hat &#8211; angefangen von Cook \u00fcber demletzt Big M nunmehr an eine holl\u00e4ndisch\/schweizer Investorengruppe namens LMEY. Grund genug, bei unserem Routineaufenthalt mal wieder etwas kritischer hinter die Kulissen zu schauen. Der Club und seine Appartementos sind in die Jahre gekommen <span class=\"ellipsis\">&hellip;<\/span> <span class=\"more-link-wrap\"><a href=\"https:\/\/www.reisetrottel.de\/?p=5668\" class=\"more-link\"><span>Read More &rarr;<\/span><\/a><\/span><\/p>\n","protected":false},"author":2,"featured_media":5702,"comment_status":"open","ping_status":"open","sticky":false,"template":"","format":"standard","meta":{"ngg_post_thumbnail":0,"footnotes":""},"categories":[10],"tags":[39,117],"class_list":["post-5668","post","type-post","status-publish","format-standard","has-post-thumbnail","hentry","category-spanien","tag-aldiana","tag-fuerte"],"_links":{"self":[{"href":"https:\/\/www.reisetrottel.de\/index.php?rest_route=\/wp\/v2\/posts\/5668","targetHints":{"allow":["GET"]}}],"collection":[{"href":"https:\/\/www.reisetrottel.de\/index.php?rest_route=\/wp\/v2\/posts"}],"about":[{"href":"https:\/\/www.reisetrottel.de\/index.php?rest_route=\/wp\/v2\/types\/post"}],"author":[{"embeddable":true,"href":"https:\/\/www.reisetrottel.de\/index.php?rest_route=\/wp\/v2\/users\/2"}],"replies":[{"embeddable":true,"href":"https:\/\/www.reisetrottel.de\/index.php?rest_route=%2Fwp%2Fv2%2Fcomments&post=5668"}],"version-history":[{"count":19,"href":"https:\/\/www.reisetrottel.de\/index.php?rest_route=\/wp\/v2\/posts\/5668\/revisions"}],"predecessor-version":[{"id":5700,"href":"https:\/\/www.reisetrottel.de\/index.php?rest_route=\/wp\/v2\/posts\/5668\/revisions\/5700"}],"wp:featuredmedia":[{"embeddable":true,"href":"https:\/\/www.reisetrottel.de\/index.php?rest_route=\/wp\/v2\/media\/5702"}],"wp:attachment":[{"href":"https:\/\/www.reisetrottel.de\/index.php?rest_route=%2Fwp%2Fv2%2Fmedia&parent=5668"}],"wp:term":[{"taxonomy":"category","embeddable":true,"href":"https:\/\/www.reisetrottel.de\/index.php?rest_route=%2Fwp%2Fv2%2Fcategories&post=5668"},{"taxonomy":"post_tag","embeddable":true,"href":"https:\/\/www.reisetrottel.de\/index.php?rest_route=%2Fwp%2Fv2%2Ftags&post=5668"}],"curies":[{"name":"wp","href":"https:\/\/api.w.org\/{rel}","templated":true}]}}