{"id":8320,"date":"2019-04-21T08:55:00","date_gmt":"2019-04-21T06:55:00","guid":{"rendered":"http:\/\/www.reisetrottel.de\/?p=8320"},"modified":"2019-04-23T08:57:20","modified_gmt":"2019-04-23T06:57:20","slug":"malle-ist-nur-einmal","status":"publish","type":"post","link":"https:\/\/www.reisetrottel.de\/?p=8320","title":{"rendered":"Malle ist nur einmal &#8230;"},"content":{"rendered":"<p>Zwei Tage Palma im s\u00fcndhaft teurem Kloster TuNichGut, Dachkammer, hei\u00df wie Suppe &#8211; Klimaanlage kann selbstverst\u00e4ndlich um diese Jahreszeit ausnahmslos heizen (erinnert vorerst stark an die ersten Gehversuche im Alfa).<\/p>\n<figure class=\"wp-block-image\"><img loading=\"lazy\" decoding=\"async\" width=\"800\" height=\"454\" src=\"https:\/\/www.reisetrottel.de\/wp-content\/uploads\/2019\/04\/B1a.jpg\" alt=\"\" class=\"wp-image-8321\" srcset=\"https:\/\/www.reisetrottel.de\/wp-content\/uploads\/2019\/04\/B1a.jpg 800w, https:\/\/www.reisetrottel.de\/wp-content\/uploads\/2019\/04\/B1a-300x170.jpg 300w, https:\/\/www.reisetrottel.de\/wp-content\/uploads\/2019\/04\/B1a-768x436.jpg 768w\" sizes=\"auto, (max-width: 800px) 100vw, 800px\" \/><\/figure>\n<p>Vorerst meint &#8230; an eine Heizung sollte man sich sp\u00e4testens in den n\u00e4chsten Tagen in der Provinz gerne gew\u00f6hnen.<\/p>\n<figure class=\"wp-block-image\"><img loading=\"lazy\" decoding=\"async\" width=\"800\" height=\"359\" src=\"https:\/\/www.reisetrottel.de\/wp-content\/uploads\/2019\/04\/BB1a.jpg\" alt=\"\" class=\"wp-image-8322\" srcset=\"https:\/\/www.reisetrottel.de\/wp-content\/uploads\/2019\/04\/BB1a.jpg 800w, https:\/\/www.reisetrottel.de\/wp-content\/uploads\/2019\/04\/BB1a-300x135.jpg 300w, https:\/\/www.reisetrottel.de\/wp-content\/uploads\/2019\/04\/BB1a-768x345.jpg 768w\" sizes=\"auto, (max-width: 800px) 100vw, 800px\" \/><\/figure>\n<p>Daf\u00fcr sch\u00f6ne Dachterasse und mehrere kleine Tappas-Bars in unmittelbarer N\u00e4he<\/p>\n<figure class=\"wp-block-image\"><img loading=\"lazy\" decoding=\"async\" width=\"800\" height=\"461\" src=\"https:\/\/www.reisetrottel.de\/wp-content\/uploads\/2019\/04\/BB1b.jpg\" alt=\"\" class=\"wp-image-8323\" srcset=\"https:\/\/www.reisetrottel.de\/wp-content\/uploads\/2019\/04\/BB1b.jpg 800w, https:\/\/www.reisetrottel.de\/wp-content\/uploads\/2019\/04\/BB1b-300x173.jpg 300w, https:\/\/www.reisetrottel.de\/wp-content\/uploads\/2019\/04\/BB1b-768x443.jpg 768w\" sizes=\"auto, (max-width: 800px) 100vw, 800px\" \/><\/figure>\n<p>Ein Spaziergang rund um die Kathedrale durfte selbstredend nich fehlen.<\/p>\n<figure class=\"wp-block-image\"><img loading=\"lazy\" decoding=\"async\" width=\"800\" height=\"343\" src=\"https:\/\/www.reisetrottel.de\/wp-content\/uploads\/2019\/04\/BB1c.jpg\" alt=\"\" class=\"wp-image-8325\" srcset=\"https:\/\/www.reisetrottel.de\/wp-content\/uploads\/2019\/04\/BB1c.jpg 800w, https:\/\/www.reisetrottel.de\/wp-content\/uploads\/2019\/04\/BB1c-300x129.jpg 300w, https:\/\/www.reisetrottel.de\/wp-content\/uploads\/2019\/04\/BB1c-768x329.jpg 768w\" sizes=\"auto, (max-width: 800px) 100vw, 800px\" \/><\/figure>\n<p>Den Einmarsch der 6.000 GI&#8217;s in die balearische Hauptstadt am n\u00e4chsten Tag haben wir Gott sei Dank verpasst. Da waren wir schon Richtung Oberbayern an der Platja de Palma unterwegs &#8230; <\/p>\n<figure class=\"wp-block-image\"><img loading=\"lazy\" decoding=\"async\" width=\"800\" height=\"341\" src=\"https:\/\/www.reisetrottel.de\/wp-content\/uploads\/2019\/04\/BB1d.jpg\" alt=\"\" class=\"wp-image-8326\" srcset=\"https:\/\/www.reisetrottel.de\/wp-content\/uploads\/2019\/04\/BB1d.jpg 800w, https:\/\/www.reisetrottel.de\/wp-content\/uploads\/2019\/04\/BB1d-300x128.jpg 300w, https:\/\/www.reisetrottel.de\/wp-content\/uploads\/2019\/04\/BB1d-768x327.jpg 768w\" sizes=\"auto, (max-width: 800px) 100vw, 800px\" \/><\/figure>\n<p><\/p>\n","protected":false},"excerpt":{"rendered":"<p>Zwei Tage Palma im s\u00fcndhaft teurem Kloster TuNichGut, Dachkammer, hei\u00df wie Suppe &#8211; Klimaanlage kann selbstverst\u00e4ndlich um diese Jahreszeit ausnahmslos heizen (erinnert vorerst stark an die ersten Gehversuche im Alfa). Vorerst meint &#8230; an eine Heizung sollte man sich sp\u00e4testens in den n\u00e4chsten Tagen in der Provinz gerne gew\u00f6hnen. Daf\u00fcr sch\u00f6ne Dachterasse und mehrere kleine <span class=\"ellipsis\">&hellip;<\/span> <span class=\"more-link-wrap\"><a href=\"https:\/\/www.reisetrottel.de\/?p=8320\" class=\"more-link\"><span>Read More &rarr;<\/span><\/a><\/span><\/p>\n","protected":false},"author":4,"featured_media":8328,"comment_status":"open","ping_status":"closed","sticky":false,"template":"","format":"standard","meta":{"ngg_post_thumbnail":0,"footnotes":""},"categories":[1,10],"tags":[],"class_list":["post-8320","post","type-post","status-publish","format-standard","has-post-thumbnail","hentry","category-allgemein","category-spanien"],"_links":{"self":[{"href":"https:\/\/www.reisetrottel.de\/index.php?rest_route=\/wp\/v2\/posts\/8320","targetHints":{"allow":["GET"]}}],"collection":[{"href":"https:\/\/www.reisetrottel.de\/index.php?rest_route=\/wp\/v2\/posts"}],"about":[{"href":"https:\/\/www.reisetrottel.de\/index.php?rest_route=\/wp\/v2\/types\/post"}],"author":[{"embeddable":true,"href":"https:\/\/www.reisetrottel.de\/index.php?rest_route=\/wp\/v2\/users\/4"}],"replies":[{"embeddable":true,"href":"https:\/\/www.reisetrottel.de\/index.php?rest_route=%2Fwp%2Fv2%2Fcomments&post=8320"}],"version-history":[{"count":3,"href":"https:\/\/www.reisetrottel.de\/index.php?rest_route=\/wp\/v2\/posts\/8320\/revisions"}],"predecessor-version":[{"id":8334,"href":"https:\/\/www.reisetrottel.de\/index.php?rest_route=\/wp\/v2\/posts\/8320\/revisions\/8334"}],"wp:featuredmedia":[{"embeddable":true,"href":"https:\/\/www.reisetrottel.de\/index.php?rest_route=\/wp\/v2\/media\/8328"}],"wp:attachment":[{"href":"https:\/\/www.reisetrottel.de\/index.php?rest_route=%2Fwp%2Fv2%2Fmedia&parent=8320"}],"wp:term":[{"taxonomy":"category","embeddable":true,"href":"https:\/\/www.reisetrottel.de\/index.php?rest_route=%2Fwp%2Fv2%2Fcategories&post=8320"},{"taxonomy":"post_tag","embeddable":true,"href":"https:\/\/www.reisetrottel.de\/index.php?rest_route=%2Fwp%2Fv2%2Ftags&post=8320"}],"curies":[{"name":"wp","href":"https:\/\/api.w.org\/{rel}","templated":true}]}}