{"id":8329,"date":"2019-04-23T08:56:51","date_gmt":"2019-04-23T06:56:51","guid":{"rendered":"http:\/\/www.reisetrottel.de\/?p=8329"},"modified":"2019-05-07T16:42:46","modified_gmt":"2019-05-07T14:42:46","slug":"vorschau-und-dann-kam-rainer","status":"publish","type":"post","link":"https:\/\/www.reisetrottel.de\/?p=8329","title":{"rendered":"&#8230; und dann kam Rainer"},"content":{"rendered":"<\/p>\n<p>und die Dunkelheit brach herein \u00fcber die balearische Urlaubsinsel. Der Nebel des Grauens legte sich \u00fcber die Badestr\u00e4nde und Golfpl\u00e4tze. Weg war der Zauber vergangener Tage &#8230;<\/p>\n<figure class=\"wp-block-image\"><img loading=\"lazy\" decoding=\"async\" width=\"800\" height=\"396\" src=\"https:\/\/www.reisetrottel.de\/wp-content\/uploads\/2019\/04\/BB2a1.jpg\" alt=\"\" class=\"wp-image-8330\" srcset=\"https:\/\/www.reisetrottel.de\/wp-content\/uploads\/2019\/04\/BB2a1.jpg 800w, https:\/\/www.reisetrottel.de\/wp-content\/uploads\/2019\/04\/BB2a1-300x149.jpg 300w, https:\/\/www.reisetrottel.de\/wp-content\/uploads\/2019\/04\/BB2a1-768x380.jpg 768w\" sizes=\"auto, (max-width: 800px) 100vw, 800px\" \/><\/figure>\n<p>Vom Strand in Canyamel war schon bald nicht mehr viel zu sehen &#8230; geschweige denn, dass irgendeine Strandbar auf hatte. Und auf der ganzen Insel schien es keinen M\u00fctzenverk\u00e4ufer zu geben.<\/p>\n<figure class=\"wp-block-image\"><img loading=\"lazy\" decoding=\"async\" width=\"800\" height=\"415\" src=\"https:\/\/www.reisetrottel.de\/wp-content\/uploads\/2019\/05\/BB2a11.jpg\" alt=\"\" class=\"wp-image-8344\" srcset=\"https:\/\/www.reisetrottel.de\/wp-content\/uploads\/2019\/05\/BB2a11.jpg 800w, https:\/\/www.reisetrottel.de\/wp-content\/uploads\/2019\/05\/BB2a11-300x156.jpg 300w, https:\/\/www.reisetrottel.de\/wp-content\/uploads\/2019\/05\/BB2a11-768x398.jpg 768w\" sizes=\"auto, (max-width: 800px) 100vw, 800px\" \/><\/figure>\n<p>Allen Widrigkeiten zum Trotz spielten wir nat\u00fcrlich unser Programm in den Bergen herunter. Vorteil: Relativ wenige Mitstreiter auf dem Platz in Pollenca. <\/p>\n<p>Zugegeben &#8211; etwas genieselt und gefr\u00f6stelt hat&#8217;s derweil schon &#8230; aber der n\u00e4chste Tag sollte noch um einiges schlimmer werden. Wer ist schuld ?<\/p>\n<figure class=\"wp-block-image\"><img loading=\"lazy\" decoding=\"async\" width=\"800\" height=\"336\" src=\"https:\/\/www.reisetrottel.de\/wp-content\/uploads\/2019\/04\/BB2a.jpg\" alt=\"\" class=\"wp-image-8331\" srcset=\"https:\/\/www.reisetrottel.de\/wp-content\/uploads\/2019\/04\/BB2a.jpg 800w, https:\/\/www.reisetrottel.de\/wp-content\/uploads\/2019\/04\/BB2a-300x126.jpg 300w, https:\/\/www.reisetrottel.de\/wp-content\/uploads\/2019\/04\/BB2a-768x323.jpg 768w\" sizes=\"auto, (max-width: 800px) 100vw, 800px\" \/><\/figure>\n<p>&#8230;<\/p>\n","protected":false},"excerpt":{"rendered":"<p>und die Dunkelheit brach herein \u00fcber die balearische Urlaubsinsel. Der Nebel des Grauens legte sich \u00fcber die Badestr\u00e4nde und Golfpl\u00e4tze. Weg war der Zauber vergangener Tage &#8230; Vom Strand in Canyamel war schon bald nicht mehr viel zu sehen &#8230; geschweige denn, dass irgendeine Strandbar auf hatte. Und auf der ganzen Insel schien es keinen <span class=\"ellipsis\">&hellip;<\/span> <span class=\"more-link-wrap\"><a href=\"https:\/\/www.reisetrottel.de\/?p=8329\" class=\"more-link\"><span>Read More &rarr;<\/span><\/a><\/span><\/p>\n","protected":false},"author":2,"featured_media":8332,"comment_status":"open","ping_status":"closed","sticky":false,"template":"","format":"standard","meta":{"ngg_post_thumbnail":0,"footnotes":""},"categories":[1],"tags":[116],"class_list":["post-8329","post","type-post","status-publish","format-standard","has-post-thumbnail","hentry","category-allgemein","tag-golf"],"_links":{"self":[{"href":"https:\/\/www.reisetrottel.de\/index.php?rest_route=\/wp\/v2\/posts\/8329","targetHints":{"allow":["GET"]}}],"collection":[{"href":"https:\/\/www.reisetrottel.de\/index.php?rest_route=\/wp\/v2\/posts"}],"about":[{"href":"https:\/\/www.reisetrottel.de\/index.php?rest_route=\/wp\/v2\/types\/post"}],"author":[{"embeddable":true,"href":"https:\/\/www.reisetrottel.de\/index.php?rest_route=\/wp\/v2\/users\/2"}],"replies":[{"embeddable":true,"href":"https:\/\/www.reisetrottel.de\/index.php?rest_route=%2Fwp%2Fv2%2Fcomments&post=8329"}],"version-history":[{"count":6,"href":"https:\/\/www.reisetrottel.de\/index.php?rest_route=\/wp\/v2\/posts\/8329\/revisions"}],"predecessor-version":[{"id":8346,"href":"https:\/\/www.reisetrottel.de\/index.php?rest_route=\/wp\/v2\/posts\/8329\/revisions\/8346"}],"wp:featuredmedia":[{"embeddable":true,"href":"https:\/\/www.reisetrottel.de\/index.php?rest_route=\/wp\/v2\/media\/8332"}],"wp:attachment":[{"href":"https:\/\/www.reisetrottel.de\/index.php?rest_route=%2Fwp%2Fv2%2Fmedia&parent=8329"}],"wp:term":[{"taxonomy":"category","embeddable":true,"href":"https:\/\/www.reisetrottel.de\/index.php?rest_route=%2Fwp%2Fv2%2Fcategories&post=8329"},{"taxonomy":"post_tag","embeddable":true,"href":"https:\/\/www.reisetrottel.de\/index.php?rest_route=%2Fwp%2Fv2%2Ftags&post=8329"}],"curies":[{"name":"wp","href":"https:\/\/api.w.org\/{rel}","templated":true}]}}