{"id":8604,"date":"2019-10-02T18:10:03","date_gmt":"2019-10-02T16:10:03","guid":{"rendered":"http:\/\/www.reisetrottel.de\/?p=8604"},"modified":"2019-10-03T12:41:01","modified_gmt":"2019-10-03T10:41:01","slug":"konstantinopel","status":"publish","type":"post","link":"https:\/\/www.reisetrottel.de\/?p=8604","title":{"rendered":"Konstantinopel"},"content":{"rendered":"<p>Die Stadt Konstantinopel wurde von dorischen Siedlern aus dem griechischen Mutterland um 660 v.\u00a0Chr. unter dem Namen Byzantion gegr\u00fcndet. Im Laufe der Zeit gr\u00fcndeten sich zudem am Fu\u00dfe des Bosporus mehrere &#8211; \u00fcberwiegend regionale &#8211;  Ballsportvereine, die es nunmehr nacheinander zu besiegen gilt.<\/p>\n<figure class=\"wp-block-image\"><img loading=\"lazy\" decoding=\"async\" width=\"1003\" height=\"628\" src=\"https:\/\/www.reisetrottel.de\/wp-content\/uploads\/2019\/10\/P1020995.jpg\" alt=\"\" class=\"wp-image-8606\" srcset=\"https:\/\/www.reisetrottel.de\/wp-content\/uploads\/2019\/10\/P1020995.jpg 1003w, https:\/\/www.reisetrottel.de\/wp-content\/uploads\/2019\/10\/P1020995-300x188.jpg 300w, https:\/\/www.reisetrottel.de\/wp-content\/uploads\/2019\/10\/P1020995-768x481.jpg 768w\" sizes=\"auto, (max-width: 1003px) 100vw, 1003px\" \/><\/figure>\n<p>Am 11. Mai 330 n.\u00a0Chr. machte sie der <a href=\"https:\/\/de.wikipedia.org\/wiki\/R%C3%B6mische_Kaiser\">r<\/a>\u00f6mische Kaiser Konstantin der Gro\u00dfe (hat nix mit dem Hahn aus Uhlenbusch zu tun)  zu seiner Hauptresidenz, baute das St\u00e4dtchen gro\u00dfz\u00fcgig aus und benannte sie offiziell in Nova Roma. Das stellt dann auch den eieindeutigen Bezug zu unserer Gruppenauslosung her (das 20.000 Selen Alpennest dort auf der Alm bitte mal g\u00e4nzlich vergessen). Gereizt !<\/p>\n<figure class=\"wp-block-image\"><img loading=\"lazy\" decoding=\"async\" width=\"992\" height=\"558\" src=\"https:\/\/www.reisetrottel.de\/wp-content\/uploads\/2019\/10\/P1020998.jpg\" alt=\"\" class=\"wp-image-8607\" srcset=\"https:\/\/www.reisetrottel.de\/wp-content\/uploads\/2019\/10\/P1020998.jpg 992w, https:\/\/www.reisetrottel.de\/wp-content\/uploads\/2019\/10\/P1020998-300x169.jpg 300w, https:\/\/www.reisetrottel.de\/wp-content\/uploads\/2019\/10\/P1020998-768x432.jpg 768w\" sizes=\"auto, (max-width: 992px) 100vw, 992px\" \/><\/figure>\n<p>Es ist wieder soweit: Europaapokaal, Europapokaaal &#8230; In den Kneipen dieser Welt &#8230; Raki, Efes Pils&#8230; Hauptsache, die Kopfschmerzen verschwinden langsam. \u00dcberhaupt noch keine Borussen-Fahne entdeckt, hm ?<\/p>\n<figure class=\"wp-block-image\"><img loading=\"lazy\" decoding=\"async\" width=\"911\" height=\"514\" src=\"https:\/\/www.reisetrottel.de\/wp-content\/uploads\/2019\/10\/P1030002.jpg\" alt=\"\" class=\"wp-image-8608\" srcset=\"https:\/\/www.reisetrottel.de\/wp-content\/uploads\/2019\/10\/P1030002.jpg 911w, https:\/\/www.reisetrottel.de\/wp-content\/uploads\/2019\/10\/P1030002-300x169.jpg 300w, https:\/\/www.reisetrottel.de\/wp-content\/uploads\/2019\/10\/P1030002-768x433.jpg 768w\" sizes=\"auto, (max-width: 911px) 100vw, 911px\" \/><\/figure>\n<p>Wie sagte doch Marcus Porcius Cato der \u00c4ltere &#8222;Ceterum censeo Carthaginem esse delendam&#8220; Und ? &#8211; Karthago ist schlie\u00dflich auch untergegangen &#8230; also ran an den Speck. <\/p>\n<p>Und wer morgen nicht vom Hippodrom mit den Bus ins Stadion f\u00e4hrt, wird als VFL-Fan gar nicht erst reingelassen. Gute Nacht UEFA &#8211; Gereizt  !<\/p>\n<figure class=\"wp-block-image\"><img loading=\"lazy\" decoding=\"async\" width=\"766\" height=\"431\" src=\"https:\/\/www.reisetrottel.de\/wp-content\/uploads\/2019\/10\/P1030005-1.jpg\" alt=\"\" class=\"wp-image-8610\" srcset=\"https:\/\/www.reisetrottel.de\/wp-content\/uploads\/2019\/10\/P1030005-1.jpg 766w, https:\/\/www.reisetrottel.de\/wp-content\/uploads\/2019\/10\/P1030005-1-300x169.jpg 300w\" sizes=\"auto, (max-width: 766px) 100vw, 766px\" \/><\/figure>\n<p><\/p>\n","protected":false},"excerpt":{"rendered":"<p>Die Stadt Konstantinopel wurde von dorischen Siedlern aus dem griechischen Mutterland um 660 v.\u00a0Chr. unter dem Namen Byzantion gegr\u00fcndet. Im Laufe der Zeit gr\u00fcndeten sich zudem am Fu\u00dfe des Bosporus mehrere &#8211; \u00fcberwiegend regionale &#8211; Ballsportvereine, die es nunmehr nacheinander zu besiegen gilt. Am 11. Mai 330 n.\u00a0Chr. machte sie der r\u00f6mische Kaiser Konstantin der <span class=\"ellipsis\">&hellip;<\/span> <span class=\"more-link-wrap\"><a href=\"https:\/\/www.reisetrottel.de\/?p=8604\" class=\"more-link\"><span>Read More &rarr;<\/span><\/a><\/span><\/p>\n","protected":false},"author":4,"featured_media":8611,"comment_status":"open","ping_status":"open","sticky":false,"template":"","format":"standard","meta":{"ngg_post_thumbnail":0,"footnotes":""},"categories":[1],"tags":[58],"class_list":["post-8604","post","type-post","status-publish","format-standard","has-post-thumbnail","hentry","category-allgemein","tag-istanbul"],"_links":{"self":[{"href":"https:\/\/www.reisetrottel.de\/index.php?rest_route=\/wp\/v2\/posts\/8604","targetHints":{"allow":["GET"]}}],"collection":[{"href":"https:\/\/www.reisetrottel.de\/index.php?rest_route=\/wp\/v2\/posts"}],"about":[{"href":"https:\/\/www.reisetrottel.de\/index.php?rest_route=\/wp\/v2\/types\/post"}],"author":[{"embeddable":true,"href":"https:\/\/www.reisetrottel.de\/index.php?rest_route=\/wp\/v2\/users\/4"}],"replies":[{"embeddable":true,"href":"https:\/\/www.reisetrottel.de\/index.php?rest_route=%2Fwp%2Fv2%2Fcomments&post=8604"}],"version-history":[{"count":9,"href":"https:\/\/www.reisetrottel.de\/index.php?rest_route=\/wp\/v2\/posts\/8604\/revisions"}],"predecessor-version":[{"id":8621,"href":"https:\/\/www.reisetrottel.de\/index.php?rest_route=\/wp\/v2\/posts\/8604\/revisions\/8621"}],"wp:featuredmedia":[{"embeddable":true,"href":"https:\/\/www.reisetrottel.de\/index.php?rest_route=\/wp\/v2\/media\/8611"}],"wp:attachment":[{"href":"https:\/\/www.reisetrottel.de\/index.php?rest_route=%2Fwp%2Fv2%2Fmedia&parent=8604"}],"wp:term":[{"taxonomy":"category","embeddable":true,"href":"https:\/\/www.reisetrottel.de\/index.php?rest_route=%2Fwp%2Fv2%2Fcategories&post=8604"},{"taxonomy":"post_tag","embeddable":true,"href":"https:\/\/www.reisetrottel.de\/index.php?rest_route=%2Fwp%2Fv2%2Ftags&post=8604"}],"curies":[{"name":"wp","href":"https:\/\/api.w.org\/{rel}","templated":true}]}}