{"id":8817,"date":"2019-11-06T21:57:14","date_gmt":"2019-11-06T20:57:14","guid":{"rendered":"http:\/\/www.reisetrottel.de\/?p=8817"},"modified":"2019-11-10T22:21:28","modified_gmt":"2019-11-10T21:21:28","slug":"machu-pichu","status":"publish","type":"post","link":"https:\/\/www.reisetrottel.de\/?p=8817","title":{"rendered":"Machu Pichu"},"content":{"rendered":"<p>Mit dem peruanischen Orient-Express ging&#8217;s Morgens kurz nach 9h dann endlich von Cuzco Vorort Poroy ab Richtung Machu Pichu. Sicher nicht die g\u00fcnstigste Alternative, aber ein absolutes Must-To-Do.<\/p>\n<figure class=\"wp-block-image\"><img loading=\"lazy\" decoding=\"async\" width=\"997\" height=\"502\" src=\"https:\/\/www.reisetrottel.de\/wp-content\/uploads\/2019\/11\/P1030316.jpg\" alt=\"\" class=\"wp-image-8818\" srcset=\"https:\/\/www.reisetrottel.de\/wp-content\/uploads\/2019\/11\/P1030316.jpg 997w, https:\/\/www.reisetrottel.de\/wp-content\/uploads\/2019\/11\/P1030316-300x151.jpg 300w, https:\/\/www.reisetrottel.de\/wp-content\/uploads\/2019\/11\/P1030316-768x387.jpg 768w\" sizes=\"auto, (max-width: 997px) 100vw, 997px\" \/><\/figure>\n<p>Vor der knapp 4 st\u00fcndigen Fahrt gab&#8217;s nach dem Check-In erst mal einen kleinen (notwendigen) Begr\u00fc\u00dfungsschluck und viel TamTam beim Einsteigen und Losfahren.<\/p>\n<p>Da sich zuf\u00e4llig neben unserem Abteil der Barwagen befand, wurden erst einmal kleine Pisco (peruanischer Traubenbrand) Sour geordert. Bottom Line: Dieses Getr\u00e4nk sollte uns noch l\u00e4nger verfolgen &#8230; eigentlich permanent !<\/p>\n<figure class=\"wp-block-image\"><img loading=\"lazy\" decoding=\"async\" width=\"933\" height=\"420\" src=\"https:\/\/www.reisetrottel.de\/wp-content\/uploads\/2019\/11\/IMG_1515.jpg\" alt=\"\" class=\"wp-image-8829\" srcset=\"https:\/\/www.reisetrottel.de\/wp-content\/uploads\/2019\/11\/IMG_1515.jpg 933w, https:\/\/www.reisetrottel.de\/wp-content\/uploads\/2019\/11\/IMG_1515-300x135.jpg 300w, https:\/\/www.reisetrottel.de\/wp-content\/uploads\/2019\/11\/IMG_1515-768x346.jpg 768w\" sizes=\"auto, (max-width: 933px) 100vw, 933px\" \/><\/figure>\n<p>Dann &#8211; nach beschwerlichem Aufstieg, bei leichtem Nieselregen &#8211; endlich der ersehnte Postkartenausblick auf die alten Inkaruinen. Coole Nummer.<\/p>\n<figure class=\"wp-block-image\"><img loading=\"lazy\" decoding=\"async\" width=\"990\" height=\"524\" src=\"https:\/\/www.reisetrottel.de\/wp-content\/uploads\/2019\/11\/IMG_1545.jpg\" alt=\"\" class=\"wp-image-8832\" srcset=\"https:\/\/www.reisetrottel.de\/wp-content\/uploads\/2019\/11\/IMG_1545.jpg 990w, https:\/\/www.reisetrottel.de\/wp-content\/uploads\/2019\/11\/IMG_1545-300x159.jpg 300w, https:\/\/www.reisetrottel.de\/wp-content\/uploads\/2019\/11\/IMG_1545-768x406.jpg 768w\" sizes=\"auto, (max-width: 990px) 100vw, 990px\" \/><\/figure>\n<p>Rundgang mit F\u00fchrer und der Erkenntnis: Nix Genaues wei\u00df man nicht. Sesamstra\u00dfe: Wieso, Weshalb, Warum &#8211; Wer nicht fragt, bleibt dumm. Warum hat man das dahergebaut ? Wieso ist man dan einfach abgehauen ? Fragen ohne Antworten. Van Daenicken hat da bestimmt mit Onkel Rainer eine Theorie ausgearbeitet &#8230; <\/p>\n<figure class=\"wp-block-image\"><img loading=\"lazy\" decoding=\"async\" width=\"678\" height=\"295\" src=\"https:\/\/www.reisetrottel.de\/wp-content\/uploads\/2019\/11\/P1030334.jpg\" alt=\"\" class=\"wp-image-8825\" srcset=\"https:\/\/www.reisetrottel.de\/wp-content\/uploads\/2019\/11\/P1030334.jpg 678w, https:\/\/www.reisetrottel.de\/wp-content\/uploads\/2019\/11\/P1030334-300x131.jpg 300w\" sizes=\"auto, (max-width: 678px) 100vw, 678px\" \/><\/figure>\n<p>Exkurs: Die Inka herrschten vom 13. bis 16. Jahrhundert in einem weiten Teil S\u00fcdamerika&#8217;s &#8211; ca. 1 Mio Quadrat-km &#8211; verteilt auf einen Streifen an der Westk\u00fcste (Equador, Chile, Peru, Argentinien &#8230;).  Die Architekten waren nicht schlecht &#8211; der Organisationsgrad wohl auch nicht.  Das rituelle, administrative und kulturelle Zentrum war die Hauptstadt <em>Qusqu<\/em> &#8211; unser Basis-Camp Cuzco.<\/p>\n<figure class=\"wp-block-image\"><img loading=\"lazy\" decoding=\"async\" width=\"1016\" height=\"555\" src=\"https:\/\/www.reisetrottel.de\/wp-content\/uploads\/2019\/11\/SCVK2923.jpg\" alt=\"\" class=\"wp-image-8830\" srcset=\"https:\/\/www.reisetrottel.de\/wp-content\/uploads\/2019\/11\/SCVK2923.jpg 1016w, https:\/\/www.reisetrottel.de\/wp-content\/uploads\/2019\/11\/SCVK2923-300x164.jpg 300w, https:\/\/www.reisetrottel.de\/wp-content\/uploads\/2019\/11\/SCVK2923-768x420.jpg 768w\" sizes=\"auto, (max-width: 1016px) 100vw, 1016px\" \/><\/figure>\n<p>Der Regen hat dann endlich etwas nachgelassen &#8230;<\/p>\n<figure class=\"wp-block-image\"><img loading=\"lazy\" decoding=\"async\" width=\"780\" height=\"423\" src=\"https:\/\/www.reisetrottel.de\/wp-content\/uploads\/2019\/11\/P1030339.jpg\" alt=\"\" class=\"wp-image-8826\" srcset=\"https:\/\/www.reisetrottel.de\/wp-content\/uploads\/2019\/11\/P1030339.jpg 780w, https:\/\/www.reisetrottel.de\/wp-content\/uploads\/2019\/11\/P1030339-300x163.jpg 300w, https:\/\/www.reisetrottel.de\/wp-content\/uploads\/2019\/11\/P1030339-768x416.jpg 768w\" sizes=\"auto, (max-width: 780px) 100vw, 780px\" \/><\/figure>\n<p>&#8230; bleibt zu erw\u00e4hnen: Bitte nicht in der Hauptsaison. Da karren die Perusies @Minimum ca. 8.000 Leute auf den Berg. Das ist dann kein echtes Vergn\u00fcgen mehr &#8211; wie Manuel Antonio bei 35 Grad und 3h Anstehen f\u00fcr Eintritt.<\/p>\n<figure class=\"wp-block-image\"><img loading=\"lazy\" decoding=\"async\" width=\"692\" height=\"335\" src=\"https:\/\/www.reisetrottel.de\/wp-content\/uploads\/2019\/11\/P1030344.jpg\" alt=\"\" class=\"wp-image-8827\" srcset=\"https:\/\/www.reisetrottel.de\/wp-content\/uploads\/2019\/11\/P1030344.jpg 692w, https:\/\/www.reisetrottel.de\/wp-content\/uploads\/2019\/11\/P1030344-300x145.jpg 300w\" sizes=\"auto, (max-width: 692px) 100vw, 692px\" \/><\/figure>\n<p>Man diskutiert wohl auch einene Seilbahn zu bauen. Doppelmayr Doppelsitzer ? Kapitalisten vs. Natursch\u00fctzer ! Wenn ich wieder komme, nehme ich sowieso als Alternative den 46km Inka Trail \u00fcber die 5.000er. Nat\u00fcrlich nicht mit 3 \u00dcbernachtungen &#8230; eher 10 und Sauerstoffzelt (+ Rum nat\u00fcrlich). <\/p>\n<p>Vielleicht kommen die M\u00e4dels ja mit ? Obwohl &#8230; gibt ja kein WLAN, hm ? <\/p>\n<figure class=\"wp-block-image\"><img loading=\"lazy\" decoding=\"async\" width=\"680\" height=\"310\" src=\"https:\/\/www.reisetrottel.de\/wp-content\/uploads\/2019\/11\/P1030349.jpg\" alt=\"\" class=\"wp-image-8828\" srcset=\"https:\/\/www.reisetrottel.de\/wp-content\/uploads\/2019\/11\/P1030349.jpg 680w, https:\/\/www.reisetrottel.de\/wp-content\/uploads\/2019\/11\/P1030349-300x137.jpg 300w\" sizes=\"auto, (max-width: 680px) 100vw, 680px\" \/><\/figure>\n<p><\/p>\n","protected":false},"excerpt":{"rendered":"<p>Mit dem peruanischen Orient-Express ging&#8217;s Morgens kurz nach 9h dann endlich von Cuzco Vorort Poroy ab Richtung Machu Pichu. Sicher nicht die g\u00fcnstigste Alternative, aber ein absolutes Must-To-Do. Vor der knapp 4 st\u00fcndigen Fahrt gab&#8217;s nach dem Check-In erst mal einen kleinen (notwendigen) Begr\u00fc\u00dfungsschluck und viel TamTam beim Einsteigen und Losfahren. Da sich zuf\u00e4llig neben <span class=\"ellipsis\">&hellip;<\/span> <span class=\"more-link-wrap\"><a href=\"https:\/\/www.reisetrottel.de\/?p=8817\" class=\"more-link\"><span>Read More &rarr;<\/span><\/a><\/span><\/p>\n","protected":false},"author":4,"featured_media":8821,"comment_status":"open","ping_status":"open","sticky":false,"template":"","format":"standard","meta":{"ngg_post_thumbnail":0,"footnotes":""},"categories":[1],"tags":[],"class_list":["post-8817","post","type-post","status-publish","format-standard","has-post-thumbnail","hentry","category-allgemein"],"_links":{"self":[{"href":"https:\/\/www.reisetrottel.de\/index.php?rest_route=\/wp\/v2\/posts\/8817","targetHints":{"allow":["GET"]}}],"collection":[{"href":"https:\/\/www.reisetrottel.de\/index.php?rest_route=\/wp\/v2\/posts"}],"about":[{"href":"https:\/\/www.reisetrottel.de\/index.php?rest_route=\/wp\/v2\/types\/post"}],"author":[{"embeddable":true,"href":"https:\/\/www.reisetrottel.de\/index.php?rest_route=\/wp\/v2\/users\/4"}],"replies":[{"embeddable":true,"href":"https:\/\/www.reisetrottel.de\/index.php?rest_route=%2Fwp%2Fv2%2Fcomments&post=8817"}],"version-history":[{"count":15,"href":"https:\/\/www.reisetrottel.de\/index.php?rest_route=\/wp\/v2\/posts\/8817\/revisions"}],"predecessor-version":[{"id":8844,"href":"https:\/\/www.reisetrottel.de\/index.php?rest_route=\/wp\/v2\/posts\/8817\/revisions\/8844"}],"wp:featuredmedia":[{"embeddable":true,"href":"https:\/\/www.reisetrottel.de\/index.php?rest_route=\/wp\/v2\/media\/8821"}],"wp:attachment":[{"href":"https:\/\/www.reisetrottel.de\/index.php?rest_route=%2Fwp%2Fv2%2Fmedia&parent=8817"}],"wp:term":[{"taxonomy":"category","embeddable":true,"href":"https:\/\/www.reisetrottel.de\/index.php?rest_route=%2Fwp%2Fv2%2Fcategories&post=8817"},{"taxonomy":"post_tag","embeddable":true,"href":"https:\/\/www.reisetrottel.de\/index.php?rest_route=%2Fwp%2Fv2%2Ftags&post=8817"}],"curies":[{"name":"wp","href":"https:\/\/api.w.org\/{rel}","templated":true}]}}