{"id":9007,"date":"2022-02-07T16:40:26","date_gmt":"2022-02-07T15:40:26","guid":{"rendered":"http:\/\/www.reisetrottel.de\/?p=9007"},"modified":"2022-02-07T17:28:43","modified_gmt":"2022-02-07T16:28:43","slug":"reisegruppe-d8-nachruf-wegen-neubuchung","status":"publish","type":"post","link":"https:\/\/www.reisetrottel.de\/?p=9007","title":{"rendered":"Reisegruppe D8 &#8211; Nachruf wegen Neubuchung"},"content":{"rendered":"<p>Ohne Unf\u00e4lle, Krankenhausaufenthalte, Verhaftungen etc. haben wir den R\u00fcckweg von der Karibik mit 150 Infizierten angetreten und sind unbeschadet @home einen Tag fr\u00fcher als urspr\u00fcnglich geplant angelandet &#8230; zumindest war auf der Hafenbaustellen -insel ein kalter Entzug von 8 Tagen n\u00f6tig, da die Pflanzen angefangen haben sich mit mir angestrengt zu unterhalten. Wohl doch noch nicht richtig durchtherapiert, hm ?.<\/p>\n<figure class=\"wp-block-image size-full\"><img loading=\"lazy\" decoding=\"async\" width=\"1024\" height=\"505\" src=\"https:\/\/www.reisetrottel.de\/wp-content\/uploads\/2022\/02\/IM_7.jpg\" alt=\"\" class=\"wp-image-9022\" srcset=\"https:\/\/www.reisetrottel.de\/wp-content\/uploads\/2022\/02\/IM_7.jpg 1024w, https:\/\/www.reisetrottel.de\/wp-content\/uploads\/2022\/02\/IM_7-300x148.jpg 300w, https:\/\/www.reisetrottel.de\/wp-content\/uploads\/2022\/02\/IM_7-768x379.jpg 768w\" sizes=\"auto, (max-width: 1024px) 100vw, 1024px\" \/><\/figure>\n<p>Zun\u00e4chst noch zur Begriffsbestimmung: Reisegruppe hie\u00df D8, weil Mark mal quer \u00fcber alle Tische br\u00fcllte &#8222;auf Deck 8 gibt&#8217;s Gruppensex&#8220;. Vorher hie\u00df die Gruppe ja &#8222;Birki&#8220;, weil Frau Sixt unbedingt Birkenstock Schuhe (glitzern) tragen musste (*sch\u00e4m). Mark hat des \u00d6fteren mal haltlose Behauptungen in die Bar hinein gerufen&#8230; &#8222;Du hast doch gestern mit der Beraterin gev\u00f6gelt&#8220; Dann brauchts schnell die Feuerwehr auf Deck 14.<\/p>\n<figure class=\"wp-block-image size-full\"><img loading=\"lazy\" decoding=\"async\" width=\"1024\" height=\"585\" src=\"https:\/\/www.reisetrottel.de\/wp-content\/uploads\/2022\/02\/IM_3.jpg\" alt=\"\" class=\"wp-image-9017\" srcset=\"https:\/\/www.reisetrottel.de\/wp-content\/uploads\/2022\/02\/IM_3.jpg 1024w, https:\/\/www.reisetrottel.de\/wp-content\/uploads\/2022\/02\/IM_3-300x171.jpg 300w, https:\/\/www.reisetrottel.de\/wp-content\/uploads\/2022\/02\/IM_3-768x439.jpg 768w\" sizes=\"auto, (max-width: 1024px) 100vw, 1024px\" \/><\/figure>\n<p>Zum Reiseende gab&#8217;s mehr und mehr Schlichtungsgespr\u00e4che nach diversen Streitigkeiten. Entweder ihr einigt euch &#8211; oder beide von Bord. Bei einer Atlantik \u00dcberquerung auch spannend. Vielleicht baut die TUI ja jetzt doch Inseln. Ansonsten waren alle bekannten Verbrecher wohl auf. Zwischenprost kannte jeder ja schon l\u00e4nger, Chris Krami wurde &#8211; nach Horst &#8211; zweiter Ehrengast und alle sangen Sandstrand. <\/p>\n<figure class=\"wp-block-image size-full\"><img loading=\"lazy\" decoding=\"async\" width=\"1024\" height=\"578\" src=\"https:\/\/www.reisetrottel.de\/wp-content\/uploads\/2022\/02\/IM_4.jpg\" alt=\"\" class=\"wp-image-9018\" srcset=\"https:\/\/www.reisetrottel.de\/wp-content\/uploads\/2022\/02\/IM_4.jpg 1024w, https:\/\/www.reisetrottel.de\/wp-content\/uploads\/2022\/02\/IM_4-300x169.jpg 300w, https:\/\/www.reisetrottel.de\/wp-content\/uploads\/2022\/02\/IM_4-768x434.jpg 768w\" sizes=\"auto, (max-width: 1024px) 100vw, 1024px\" \/><\/figure>\n<p>Selbstredend hatte keiner der \u00fcblichen Verd\u00e4chtigen Covid &#8211; au\u00dfer mir nat\u00fcrlich. Zwei Tage nach Ankunft war er pl\u00f6tzlich da, der zweite rote Strich, die T-Linie war leider deutlich &#8211; auch beim 3. Testversuch. Acht Tage Quarant\u00e4ne, alkoholfrei und Olympia hatte noch nicht mal angefangen. Und noch nicht mal den Ansatz einer Symptomatik, au\u00dfer der Psychose mit meinen Pflanzen nat\u00fcrlich.<\/p>\n<figure class=\"wp-block-image size-full\"><img loading=\"lazy\" decoding=\"async\" width=\"1024\" height=\"485\" src=\"https:\/\/www.reisetrottel.de\/wp-content\/uploads\/2022\/02\/IM_5.jpg\" alt=\"\" class=\"wp-image-9019\" srcset=\"https:\/\/www.reisetrottel.de\/wp-content\/uploads\/2022\/02\/IM_5.jpg 1024w, https:\/\/www.reisetrottel.de\/wp-content\/uploads\/2022\/02\/IM_5-300x142.jpg 300w, https:\/\/www.reisetrottel.de\/wp-content\/uploads\/2022\/02\/IM_5-768x364.jpg 768w\" sizes=\"auto, (max-width: 1024px) 100vw, 1024px\" \/><\/figure>\n<p>Dass man die Azoren einfach nicht anlaufen durfte &#8230; bleibt nicht ohne Konsequenzen. Neuen Versuch mit MeinSchiff 3 gebucht. Teneriffa &#8211; Cap Verden &#8211; Teneriffa &#8211; Azoren. Diesmal wirklich Deck 8 &#8211; da werden wir mal genauer hinschauen. Gerade gesehen, dass die Hohe Luft Bar ersatzlos fehlt &#8211; kann man die nicht nachtr\u00e4glich einbauen ? Diamant Bar ist aber zugegen, Rum, Gin &amp; Wein Verkostung auch &#8211; Reise gerettet. Ahoi !<\/p>\n<figure class=\"wp-block-image size-full\"><img loading=\"lazy\" decoding=\"async\" width=\"1024\" height=\"515\" src=\"https:\/\/www.reisetrottel.de\/wp-content\/uploads\/2022\/02\/IM_6.jpg\" alt=\"\" class=\"wp-image-9020\" srcset=\"https:\/\/www.reisetrottel.de\/wp-content\/uploads\/2022\/02\/IM_6.jpg 1024w, https:\/\/www.reisetrottel.de\/wp-content\/uploads\/2022\/02\/IM_6-300x151.jpg 300w, https:\/\/www.reisetrottel.de\/wp-content\/uploads\/2022\/02\/IM_6-768x386.jpg 768w\" sizes=\"auto, (max-width: 1024px) 100vw, 1024px\" \/><\/figure>\n<p>Und die &#8222;Royal-Bar&#8220; &#8211; betrieben in 7091 von einem gewissen Herrn Konstantin wird wohl auch fehlen. Kein Mai Tai nebst Ananas und Lachs H\u00e4ppchen morgens um halb 10.<\/p>\n","protected":false},"excerpt":{"rendered":"<p>Ohne Unf\u00e4lle, Krankenhausaufenthalte, Verhaftungen etc. haben wir den R\u00fcckweg von der Karibik mit 150 Infizierten angetreten und sind unbeschadet @home einen Tag fr\u00fcher als urspr\u00fcnglich geplant angelandet &#8230; zumindest war auf der Hafenbaustellen -insel ein kalter Entzug von 8 Tagen n\u00f6tig, da die Pflanzen angefangen haben sich mit mir angestrengt zu unterhalten. Wohl doch noch <span class=\"ellipsis\">&hellip;<\/span> <span class=\"more-link-wrap\"><a href=\"https:\/\/www.reisetrottel.de\/?p=9007\" class=\"more-link\"><span>Read More &rarr;<\/span><\/a><\/span><\/p>\n","protected":false},"author":4,"featured_media":9014,"comment_status":"open","ping_status":"closed","sticky":false,"template":"","format":"standard","meta":{"ngg_post_thumbnail":0,"footnotes":""},"categories":[1,4],"tags":[151,148],"class_list":["post-9007","post","type-post","status-publish","format-standard","has-post-thumbnail","hentry","category-allgemein","category-sandstrand","tag-karibik","tag-mein-schiff"],"_links":{"self":[{"href":"https:\/\/www.reisetrottel.de\/index.php?rest_route=\/wp\/v2\/posts\/9007","targetHints":{"allow":["GET"]}}],"collection":[{"href":"https:\/\/www.reisetrottel.de\/index.php?rest_route=\/wp\/v2\/posts"}],"about":[{"href":"https:\/\/www.reisetrottel.de\/index.php?rest_route=\/wp\/v2\/types\/post"}],"author":[{"embeddable":true,"href":"https:\/\/www.reisetrottel.de\/index.php?rest_route=\/wp\/v2\/users\/4"}],"replies":[{"embeddable":true,"href":"https:\/\/www.reisetrottel.de\/index.php?rest_route=%2Fwp%2Fv2%2Fcomments&post=9007"}],"version-history":[{"count":8,"href":"https:\/\/www.reisetrottel.de\/index.php?rest_route=\/wp\/v2\/posts\/9007\/revisions"}],"predecessor-version":[{"id":9024,"href":"https:\/\/www.reisetrottel.de\/index.php?rest_route=\/wp\/v2\/posts\/9007\/revisions\/9024"}],"wp:featuredmedia":[{"embeddable":true,"href":"https:\/\/www.reisetrottel.de\/index.php?rest_route=\/wp\/v2\/media\/9014"}],"wp:attachment":[{"href":"https:\/\/www.reisetrottel.de\/index.php?rest_route=%2Fwp%2Fv2%2Fmedia&parent=9007"}],"wp:term":[{"taxonomy":"category","embeddable":true,"href":"https:\/\/www.reisetrottel.de\/index.php?rest_route=%2Fwp%2Fv2%2Fcategories&post=9007"},{"taxonomy":"post_tag","embeddable":true,"href":"https:\/\/www.reisetrottel.de\/index.php?rest_route=%2Fwp%2Fv2%2Ftags&post=9007"}],"curies":[{"name":"wp","href":"https:\/\/api.w.org\/{rel}","templated":true}]}}