{"id":9083,"date":"2022-03-08T13:38:32","date_gmt":"2022-03-08T12:38:32","guid":{"rendered":"https:\/\/www.reisetrottel.de\/?p=9083"},"modified":"2022-03-08T13:46:54","modified_gmt":"2022-03-08T12:46:54","slug":"angra-do-heroismo","status":"publish","type":"post","link":"https:\/\/www.reisetrottel.de\/?p=9083","title":{"rendered":"Angra do Heroismo"},"content":{"rendered":"<p>Wir laufen in aller Herrgottsfr\u00fche die portugiesischen Azoren an &#8211; starten mit der etwas kleineren Insel Ilha Terceira. Wetter: L\u00e4uft ! &#8230; untypisch sonnig im Winter, denn nur auf den Bergen regnen sich die h\u00e4ngengebliebenen Wolken m\u00e4chtig auf die Milchk\u00fche ab. Ich bedanke mich artig bei meiner Reisebegleiterin \ud83d\ude09<\/p>\n<p>Inselkunde: Terceira is ca. 400 qm gro\u00df, 29 km lang und knapp 18 km breit (R\u00fcgen so durch 2,5). Auf dem im 15. Jahrhundert durch portugiesische Seefahrer entdeckten Eiland leben so viele Einwohner wie in Stralsund. Der Inselname Terceira = Dritte deutet &#8211; wie soll es auch anders sein &#8211; auf den die Reihenfolge der Entdeckung hin.  <\/p>\n<figure class=\"wp-block-image size-full\"><img loading=\"lazy\" decoding=\"async\" width=\"800\" height=\"434\" src=\"https:\/\/www.reisetrottel.de\/wp-content\/uploads\/2022\/03\/A_1_5.jpg\" alt=\"\" class=\"wp-image-9086\" srcset=\"https:\/\/www.reisetrottel.de\/wp-content\/uploads\/2022\/03\/A_1_5.jpg 800w, https:\/\/www.reisetrottel.de\/wp-content\/uploads\/2022\/03\/A_1_5-300x163.jpg 300w, https:\/\/www.reisetrottel.de\/wp-content\/uploads\/2022\/03\/A_1_5-768x417.jpg 768w\" sizes=\"auto, (max-width: 800px) 100vw, 800px\" \/><\/figure>\n<p>Die Hauptstadt der Insel, Angra (angra = Bucht) do Heroismo mit ihren 12.000 Einwohnern ist Ziel unseres &#8211; von der TUI f\u00fcr 33\u20ac per Pax selbstverst\u00e4ndlich hervorragend organisierten Landausfluges. Titel: Vier Stunden Erkundung auf eigene Faust im UNESCO Weltkulturerbe. Ankunft um 10h, Problem: Tavernen\u00f6ffnungszeiten nicht vor 12h.<\/p>\n<figure class=\"wp-block-image size-full\"><img loading=\"lazy\" decoding=\"async\" width=\"800\" height=\"399\" src=\"https:\/\/www.reisetrottel.de\/wp-content\/uploads\/2022\/03\/A_4_5.jpg\" alt=\"\" class=\"wp-image-9087\" srcset=\"https:\/\/www.reisetrottel.de\/wp-content\/uploads\/2022\/03\/A_4_5.jpg 800w, https:\/\/www.reisetrottel.de\/wp-content\/uploads\/2022\/03\/A_4_5-300x150.jpg 300w, https:\/\/www.reisetrottel.de\/wp-content\/uploads\/2022\/03\/A_4_5-768x383.jpg 768w\" sizes=\"auto, (max-width: 800px) 100vw, 800px\" \/><\/figure>\n<p>Erster Satz im Acores Reiseprospekt: &#8222;Angro do Heroismo ist die erste europ\u00e4ische Stadt des Atlantiks, deren Gr\u00fcndung und Entwicklung Folge der neuen geographischen und kulturellen Horizonte war, die sich durch die Entdeckungsfahrten ge\u00f6ffnet hatten.&#8220; Diese Horizonte umfassen also definitiv nicht eine Bar\u00f6ffnung vor der Mittagszeit. Wenn es jetzt in Str\u00f6men geregnet h\u00e4tte, gibt&#8217;s dann die 33\u20ac zur\u00fcck ?<\/p>\n<figure class=\"wp-block-image size-full\"><img loading=\"lazy\" decoding=\"async\" width=\"800\" height=\"391\" src=\"https:\/\/www.reisetrottel.de\/wp-content\/uploads\/2022\/03\/A_2_5.jpg\" alt=\"\" class=\"wp-image-9088\" srcset=\"https:\/\/www.reisetrottel.de\/wp-content\/uploads\/2022\/03\/A_2_5.jpg 800w, https:\/\/www.reisetrottel.de\/wp-content\/uploads\/2022\/03\/A_2_5-300x147.jpg 300w, https:\/\/www.reisetrottel.de\/wp-content\/uploads\/2022\/03\/A_2_5-768x375.jpg 768w\" sizes=\"auto, (max-width: 800px) 100vw, 800px\" \/><\/figure>\n<p>Im Hintergrund sehen wir den Miniaturvulkan Monte Brasil &#8211; heute ein Waldpark der Stadt, der gegen Ende des 16. Jahrhunderts auf Veranlassung der Spanier mit einer der gr\u00f6\u00dften und bekanntesten atlantischen Festungen umbaut wurde. Wir haben uns an dieser Stelle den Aufstieg erspart, da wir zur vereinbarten Zeit wieder am Bus sein wollten.<\/p>\n<p>Ja &#8211; wie wir sehen &#8211; im Stadtpark ist die Kneipe noch zu !<\/p>\n<figure class=\"wp-block-image size-full\"><img loading=\"lazy\" decoding=\"async\" width=\"800\" height=\"405\" src=\"https:\/\/www.reisetrottel.de\/wp-content\/uploads\/2022\/03\/A_3_5.jpg\" alt=\"\" class=\"wp-image-9089\" srcset=\"https:\/\/www.reisetrottel.de\/wp-content\/uploads\/2022\/03\/A_3_5.jpg 800w, https:\/\/www.reisetrottel.de\/wp-content\/uploads\/2022\/03\/A_3_5-300x152.jpg 300w, https:\/\/www.reisetrottel.de\/wp-content\/uploads\/2022\/03\/A_3_5-768x389.jpg 768w\" sizes=\"auto, (max-width: 800px) 100vw, 800px\" \/><\/figure>\n<p>Wir zitieren abermals aus dem Prospekt: &#8222;&#8230; sie (AdR: Geba\u00fcde) erinnern an einen in Europa im Mittelalter fest verankerten Kult, der heute noch in Angra mit einem Volksfest (Fest do Divino) und Festen in Brasilien, in Angra dos Reis, Paraty und Ouro Preto begangen wird. Letzters kenn ich nicht aber in dos Reis sind wir Richtung Ilha Grande gestartet und in Paraty haben wir uns immer gefragt, wass dat Fest nun soll. Jetzt naht endlich Gewissheit.<\/p>\n<figure class=\"wp-block-image size-full\"><img loading=\"lazy\" decoding=\"async\" width=\"800\" height=\"391\" src=\"https:\/\/www.reisetrottel.de\/wp-content\/uploads\/2022\/03\/A_0_5.jpg\" alt=\"\" class=\"wp-image-9090\" srcset=\"https:\/\/www.reisetrottel.de\/wp-content\/uploads\/2022\/03\/A_0_5.jpg 800w, https:\/\/www.reisetrottel.de\/wp-content\/uploads\/2022\/03\/A_0_5-300x147.jpg 300w, https:\/\/www.reisetrottel.de\/wp-content\/uploads\/2022\/03\/A_0_5-768x375.jpg 768w\" sizes=\"auto, (max-width: 800px) 100vw, 800px\" \/><\/figure><\/p>\n","protected":false},"excerpt":{"rendered":"<p>Wir laufen in aller Herrgottsfr\u00fche die portugiesischen Azoren an &#8211; starten mit der etwas kleineren Insel Ilha Terceira. Wetter: L\u00e4uft ! &#8230; untypisch sonnig im Winter, denn nur auf den Bergen regnen sich die h\u00e4ngengebliebenen Wolken m\u00e4chtig auf die Milchk\u00fche ab. Ich bedanke mich artig bei meiner Reisebegleiterin \ud83d\ude09 Inselkunde: Terceira is ca. 400 qm <span class=\"ellipsis\">&hellip;<\/span> <span class=\"more-link-wrap\"><a href=\"https:\/\/www.reisetrottel.de\/?p=9083\" class=\"more-link\"><span>Read More &rarr;<\/span><\/a><\/span><\/p>\n","protected":false},"author":4,"featured_media":9084,"comment_status":"open","ping_status":"closed","sticky":false,"template":"","format":"standard","meta":{"ngg_post_thumbnail":0,"footnotes":""},"categories":[1],"tags":[152,148],"class_list":["post-9083","post","type-post","status-publish","format-standard","has-post-thumbnail","hentry","category-allgemein","tag-azoren","tag-mein-schiff"],"_links":{"self":[{"href":"https:\/\/www.reisetrottel.de\/index.php?rest_route=\/wp\/v2\/posts\/9083","targetHints":{"allow":["GET"]}}],"collection":[{"href":"https:\/\/www.reisetrottel.de\/index.php?rest_route=\/wp\/v2\/posts"}],"about":[{"href":"https:\/\/www.reisetrottel.de\/index.php?rest_route=\/wp\/v2\/types\/post"}],"author":[{"embeddable":true,"href":"https:\/\/www.reisetrottel.de\/index.php?rest_route=\/wp\/v2\/users\/4"}],"replies":[{"embeddable":true,"href":"https:\/\/www.reisetrottel.de\/index.php?rest_route=%2Fwp%2Fv2%2Fcomments&post=9083"}],"version-history":[{"count":7,"href":"https:\/\/www.reisetrottel.de\/index.php?rest_route=\/wp\/v2\/posts\/9083\/revisions"}],"predecessor-version":[{"id":9104,"href":"https:\/\/www.reisetrottel.de\/index.php?rest_route=\/wp\/v2\/posts\/9083\/revisions\/9104"}],"wp:featuredmedia":[{"embeddable":true,"href":"https:\/\/www.reisetrottel.de\/index.php?rest_route=\/wp\/v2\/media\/9084"}],"wp:attachment":[{"href":"https:\/\/www.reisetrottel.de\/index.php?rest_route=%2Fwp%2Fv2%2Fmedia&parent=9083"}],"wp:term":[{"taxonomy":"category","embeddable":true,"href":"https:\/\/www.reisetrottel.de\/index.php?rest_route=%2Fwp%2Fv2%2Fcategories&post=9083"},{"taxonomy":"post_tag","embeddable":true,"href":"https:\/\/www.reisetrottel.de\/index.php?rest_route=%2Fwp%2Fv2%2Ftags&post=9083"}],"curies":[{"name":"wp","href":"https:\/\/api.w.org\/{rel}","templated":true}]}}