{"id":9108,"date":"2022-03-09T12:31:14","date_gmt":"2022-03-09T11:31:14","guid":{"rendered":"https:\/\/www.reisetrottel.de\/?p=9108"},"modified":"2022-03-09T12:49:40","modified_gmt":"2022-03-09T11:49:40","slug":"last-stop-ilha-de-sao-miguel","status":"publish","type":"post","link":"https:\/\/www.reisetrottel.de\/?p=9108","title":{"rendered":"last Stop: Ilha de Sao Miguel"},"content":{"rendered":"<p>Chill Out Musik, Au\u00dfenalster morgens um 11 Uhr. Zur\u00fcck nach Teneriffa &#8211; nein, genau genommen zur\u00fcck nach El Gouna. Wir blicken zur\u00fcck auf unsere letzte Station, wir blicken auf den Hafen von Ponta Delgada.<\/p>\n<figure class=\"wp-block-image size-full\"><img loading=\"lazy\" decoding=\"async\" width=\"800\" height=\"457\" src=\"https:\/\/www.reisetrottel.de\/wp-content\/uploads\/2022\/03\/A_2_6.jpg\" alt=\"\" class=\"wp-image-9113\" srcset=\"https:\/\/www.reisetrottel.de\/wp-content\/uploads\/2022\/03\/A_2_6.jpg 800w, https:\/\/www.reisetrottel.de\/wp-content\/uploads\/2022\/03\/A_2_6-300x171.jpg 300w, https:\/\/www.reisetrottel.de\/wp-content\/uploads\/2022\/03\/A_2_6-768x439.jpg 768w\" sizes=\"auto, (max-width: 800px) 100vw, 800px\" \/><\/figure>\n<p>Echt jetzt, f\u00fcr die Azoren um diese Jahreszeit Super Wetter (Dank an &#8230;), mega viele Milchk\u00fche und Bus #6 &#8230; was will man mehr ?<\/p>\n<figure class=\"wp-block-image size-full\"><img loading=\"lazy\" decoding=\"async\" width=\"800\" height=\"440\" src=\"https:\/\/www.reisetrottel.de\/wp-content\/uploads\/2022\/03\/A_6_6.jpg\" alt=\"\" class=\"wp-image-9114\" srcset=\"https:\/\/www.reisetrottel.de\/wp-content\/uploads\/2022\/03\/A_6_6.jpg 800w, https:\/\/www.reisetrottel.de\/wp-content\/uploads\/2022\/03\/A_6_6-300x165.jpg 300w, https:\/\/www.reisetrottel.de\/wp-content\/uploads\/2022\/03\/A_6_6-768x422.jpg 768w\" sizes=\"auto, (max-width: 800px) 100vw, 800px\" \/><\/figure>\n<p>Mehr Ausfl\u00fcge abgearbeitet, als bei der Karibik Fahrt. Die dauerte ja bekanntlich mehr als 5 Wochen. Hat sich aber gelohnt. F\u00fchlte mich auch nicht so abgezockt, wie bei der Reederei dem Lippenstift am Bug. Erster Stop (ohne Inselkunde) Ribeira Grande.<\/p>\n<figure class=\"wp-block-image size-full\"><img loading=\"lazy\" decoding=\"async\" width=\"800\" height=\"440\" src=\"https:\/\/www.reisetrottel.de\/wp-content\/uploads\/2022\/03\/A_5_6.jpg\" alt=\"\" class=\"wp-image-9115\" srcset=\"https:\/\/www.reisetrottel.de\/wp-content\/uploads\/2022\/03\/A_5_6.jpg 800w, https:\/\/www.reisetrottel.de\/wp-content\/uploads\/2022\/03\/A_5_6-300x165.jpg 300w, https:\/\/www.reisetrottel.de\/wp-content\/uploads\/2022\/03\/A_5_6-768x422.jpg 768w\" sizes=\"auto, (max-width: 800px) 100vw, 800px\" \/><\/figure>\n<p>Wieso wir wussten, dass der Naps Laden (Erkundung #3) geschlossen hat ? Stichwort an dieser Stelle: Intuition !<\/p>\n<figure class=\"wp-block-image size-full\"><img loading=\"lazy\" decoding=\"async\" width=\"800\" height=\"454\" src=\"https:\/\/www.reisetrottel.de\/wp-content\/uploads\/2022\/03\/A_4_6.jpg\" alt=\"\" class=\"wp-image-9116\" srcset=\"https:\/\/www.reisetrottel.de\/wp-content\/uploads\/2022\/03\/A_4_6.jpg 800w, https:\/\/www.reisetrottel.de\/wp-content\/uploads\/2022\/03\/A_4_6-300x170.jpg 300w, https:\/\/www.reisetrottel.de\/wp-content\/uploads\/2022\/03\/A_4_6-768x436.jpg 768w\" sizes=\"auto, (max-width: 800px) 100vw, 800px\" \/><\/figure>\n<p>Die instantan folgende Bestrafung hie\u00df: Besichtigung der Naps- und Heizdeckenfabrik in unmittelbarer N\u00e4he. War jetzt v\u00f6llig \u00fcberfl\u00fcssig und hat uns nur Zeit gekostet, aber war wohl wieder dem Busfahrer sein Neffe &#8230;<\/p>\n<figure class=\"wp-block-image size-full\"><img loading=\"lazy\" decoding=\"async\" width=\"800\" height=\"570\" src=\"https:\/\/www.reisetrottel.de\/wp-content\/uploads\/2022\/03\/A_1_6.jpg\" alt=\"\" class=\"wp-image-9111\" srcset=\"https:\/\/www.reisetrottel.de\/wp-content\/uploads\/2022\/03\/A_1_6.jpg 800w, https:\/\/www.reisetrottel.de\/wp-content\/uploads\/2022\/03\/A_1_6-300x214.jpg 300w, https:\/\/www.reisetrottel.de\/wp-content\/uploads\/2022\/03\/A_1_6-768x547.jpg 768w\" sizes=\"auto, (max-width: 800px) 100vw, 800px\" \/><\/figure>\n<p>Dann sagte der Reiseleiter &#8222;wir fahren jetzt da hoch&#8230;&#8220;. Hat keiner Ernst genommen, der Busfahrer aber schon &#8230; Vor dem Gipfel &#8211; der Pico Teide ist ein Witz dagegen &#8211; noch schnell ein Zwischenstop bei den dampfenden Tirili B\u00e4dern von Irgendwas.<\/p>\n<p>Exkurs: Wurde am Nachbartisch doch philosophiert, wie denn der Vulkan auf Teneriffa hei\u00dft. Man einigte sich auf \u00c4tna &#8230; noch Fragen ?<\/p>\n<figure class=\"wp-block-image size-full\"><img loading=\"lazy\" decoding=\"async\" width=\"800\" height=\"413\" src=\"https:\/\/www.reisetrottel.de\/wp-content\/uploads\/2022\/03\/A_3_6.jpg\" alt=\"\" class=\"wp-image-9112\" srcset=\"https:\/\/www.reisetrottel.de\/wp-content\/uploads\/2022\/03\/A_3_6.jpg 800w, https:\/\/www.reisetrottel.de\/wp-content\/uploads\/2022\/03\/A_3_6-300x155.jpg 300w, https:\/\/www.reisetrottel.de\/wp-content\/uploads\/2022\/03\/A_3_6-768x396.jpg 768w\" sizes=\"auto, (max-width: 800px) 100vw, 800px\" \/><\/figure>\n<p>Lagua do Foguo &#8230; erster cooler Fotostop &#8230; wir sehen uns in der Neuen Marina von El Gouna &#8230;<\/p>\n<figure class=\"wp-block-image size-full\"><img loading=\"lazy\" decoding=\"async\" width=\"800\" height=\"389\" src=\"https:\/\/www.reisetrottel.de\/wp-content\/uploads\/2022\/03\/A_0_6.jpg\" alt=\"\" class=\"wp-image-9110\" srcset=\"https:\/\/www.reisetrottel.de\/wp-content\/uploads\/2022\/03\/A_0_6.jpg 800w, https:\/\/www.reisetrottel.de\/wp-content\/uploads\/2022\/03\/A_0_6-300x146.jpg 300w, https:\/\/www.reisetrottel.de\/wp-content\/uploads\/2022\/03\/A_0_6-768x373.jpg 768w\" sizes=\"auto, (max-width: 800px) 100vw, 800px\" \/><\/figure><\/p>\n","protected":false},"excerpt":{"rendered":"<p>Chill Out Musik, Au\u00dfenalster morgens um 11 Uhr. Zur\u00fcck nach Teneriffa &#8211; nein, genau genommen zur\u00fcck nach El Gouna. Wir blicken zur\u00fcck auf unsere letzte Station, wir blicken auf den Hafen von Ponta Delgada. Echt jetzt, f\u00fcr die Azoren um diese Jahreszeit Super Wetter (Dank an &#8230;), mega viele Milchk\u00fche und Bus #6 &#8230; was <span class=\"ellipsis\">&hellip;<\/span> <span class=\"more-link-wrap\"><a href=\"https:\/\/www.reisetrottel.de\/?p=9108\" class=\"more-link\"><span>Read More &rarr;<\/span><\/a><\/span><\/p>\n","protected":false},"author":4,"featured_media":9109,"comment_status":"open","ping_status":"closed","sticky":false,"template":"","format":"standard","meta":{"ngg_post_thumbnail":0,"footnotes":""},"categories":[1],"tags":[148],"class_list":["post-9108","post","type-post","status-publish","format-standard","has-post-thumbnail","hentry","category-allgemein","tag-mein-schiff"],"_links":{"self":[{"href":"https:\/\/www.reisetrottel.de\/index.php?rest_route=\/wp\/v2\/posts\/9108","targetHints":{"allow":["GET"]}}],"collection":[{"href":"https:\/\/www.reisetrottel.de\/index.php?rest_route=\/wp\/v2\/posts"}],"about":[{"href":"https:\/\/www.reisetrottel.de\/index.php?rest_route=\/wp\/v2\/types\/post"}],"author":[{"embeddable":true,"href":"https:\/\/www.reisetrottel.de\/index.php?rest_route=\/wp\/v2\/users\/4"}],"replies":[{"embeddable":true,"href":"https:\/\/www.reisetrottel.de\/index.php?rest_route=%2Fwp%2Fv2%2Fcomments&post=9108"}],"version-history":[{"count":11,"href":"https:\/\/www.reisetrottel.de\/index.php?rest_route=\/wp\/v2\/posts\/9108\/revisions"}],"predecessor-version":[{"id":9128,"href":"https:\/\/www.reisetrottel.de\/index.php?rest_route=\/wp\/v2\/posts\/9108\/revisions\/9128"}],"wp:featuredmedia":[{"embeddable":true,"href":"https:\/\/www.reisetrottel.de\/index.php?rest_route=\/wp\/v2\/media\/9109"}],"wp:attachment":[{"href":"https:\/\/www.reisetrottel.de\/index.php?rest_route=%2Fwp%2Fv2%2Fmedia&parent=9108"}],"wp:term":[{"taxonomy":"category","embeddable":true,"href":"https:\/\/www.reisetrottel.de\/index.php?rest_route=%2Fwp%2Fv2%2Fcategories&post=9108"},{"taxonomy":"post_tag","embeddable":true,"href":"https:\/\/www.reisetrottel.de\/index.php?rest_route=%2Fwp%2Fv2%2Ftags&post=9108"}],"curies":[{"name":"wp","href":"https:\/\/api.w.org\/{rel}","templated":true}]}}