{"id":9159,"date":"2022-07-20T13:47:38","date_gmt":"2022-07-20T11:47:38","guid":{"rendered":"https:\/\/www.reisetrottel.de\/?p=9159"},"modified":"2022-07-21T09:12:17","modified_gmt":"2022-07-21T07:12:17","slug":"regenbogenland","status":"publish","type":"post","link":"https:\/\/www.reisetrottel.de\/?p=9159","title":{"rendered":"Regenbogenland"},"content":{"rendered":"<p>Da auch im nieders\u00e4chsischen Bad Gandersheim seit diverser Zeit eine Regenbogen Ferienanlage existiert, war ein Antrittsbesuch auf dem hiesigen Campingplatz in Prerow mehr als \u00fcberf\u00e4llig. F\u00fcr die gut 50km wurde Sonntags gut eine Stunde  ben\u00f6tigt &#8211; kein Hauptreisetag, passt dann schon. Parkpl\u00e4tze auch ausreichend vorhanden. IBAN f\u00fcr Kaution ben\u00f6tigt &#8230; Na dann.<\/p>\n<figure class=\"wp-block-image size-full\"><img loading=\"lazy\" decoding=\"async\" width=\"800\" height=\"409\" src=\"https:\/\/www.reisetrottel.de\/wp-content\/uploads\/2022\/07\/RB_1.jpg\" alt=\"\" class=\"wp-image-9161\" srcset=\"https:\/\/www.reisetrottel.de\/wp-content\/uploads\/2022\/07\/RB_1.jpg 800w, https:\/\/www.reisetrottel.de\/wp-content\/uploads\/2022\/07\/RB_1-300x153.jpg 300w, https:\/\/www.reisetrottel.de\/wp-content\/uploads\/2022\/07\/RB_1-768x393.jpg 768w\" sizes=\"auto, (max-width: 800px) 100vw, 800px\" \/><\/figure>\n<p>Normalerweise betrete ich ja Campingpl\u00e4tze eher weniger &#8211; Das Wort Zeltplatz ist mir nur im Zusammenhang mit dem baluen Band nach Hiddensee \u00fcberhaupt ein Begriff. By the way stimmt mich das etwas traurig, dass ich dieses Jahr aufgrund verst\u00e4rkter Reiset\u00e4tigkeit an dieser Stelle passen muss.<\/p>\n<figure class=\"wp-block-image size-full\"><img loading=\"lazy\" decoding=\"async\" width=\"800\" height=\"479\" src=\"https:\/\/www.reisetrottel.de\/wp-content\/uploads\/2022\/07\/RB_2.jpg\" alt=\"\" class=\"wp-image-9162\" srcset=\"https:\/\/www.reisetrottel.de\/wp-content\/uploads\/2022\/07\/RB_2.jpg 800w, https:\/\/www.reisetrottel.de\/wp-content\/uploads\/2022\/07\/RB_2-300x180.jpg 300w, https:\/\/www.reisetrottel.de\/wp-content\/uploads\/2022\/07\/RB_2-768x460.jpg 768w\" sizes=\"auto, (max-width: 800px) 100vw, 800px\" \/><\/figure>\n<p>Und da steht er auch schon &#8211; noch abgedeckt &#8211; der kleine liv.be Schlafstrandkorp. G\u00fcnstig geschossen f\u00fcr 124\u20ac die Nacht. Nein, eine Kiste Cuba nebst Cola und Eisw\u00fcrfel sind nicht im Preis inbegriffen &#8211; daf\u00fcr kann man sich eine Fr\u00fchst\u00fcckskiste abholen &#8211; ein Superschn\u00e4ppchen sozusagen.<\/p>\n<figure class=\"wp-block-image size-full\"><img loading=\"lazy\" decoding=\"async\" width=\"800\" height=\"388\" src=\"https:\/\/www.reisetrottel.de\/wp-content\/uploads\/2022\/07\/RB_3.jpg\" alt=\"\" class=\"wp-image-9163\" srcset=\"https:\/\/www.reisetrottel.de\/wp-content\/uploads\/2022\/07\/RB_3.jpg 800w, https:\/\/www.reisetrottel.de\/wp-content\/uploads\/2022\/07\/RB_3-300x146.jpg 300w, https:\/\/www.reisetrottel.de\/wp-content\/uploads\/2022\/07\/RB_3-768x372.jpg 768w\" sizes=\"auto, (max-width: 800px) 100vw, 800px\" \/><\/figure>\n<p>Andernorts wird einem quasi ununterbrochen was zu Trinken angeboten. Da kann man schon mal ein Schl\u00e4fchen am Nachmittag einlegen. Zus\u00e4tzlich Logenplatz zum Sonnenaufgang inklusive.<\/p>\n<figure class=\"wp-block-image size-full\"><img loading=\"lazy\" decoding=\"async\" width=\"800\" height=\"429\" src=\"https:\/\/www.reisetrottel.de\/wp-content\/uploads\/2022\/07\/RB_4.jpg\" alt=\"\" class=\"wp-image-9164\" srcset=\"https:\/\/www.reisetrottel.de\/wp-content\/uploads\/2022\/07\/RB_4.jpg 800w, https:\/\/www.reisetrottel.de\/wp-content\/uploads\/2022\/07\/RB_4-300x161.jpg 300w, https:\/\/www.reisetrottel.de\/wp-content\/uploads\/2022\/07\/RB_4-768x412.jpg 768w\" sizes=\"auto, (max-width: 800px) 100vw, 800px\" \/><\/figure>\n<p>Wetter und Strand top &#8211; M\u00fccken hat&#8217;s auch nicht \u00fcbertrieben welche dagehabt. Schlafsack nebst Kopfkissen umsonst mitgenommen und reichlich rumgeschleppt. Selbst schuld.<\/p>\n<figure class=\"wp-block-image size-full\"><img loading=\"lazy\" decoding=\"async\" width=\"800\" height=\"416\" src=\"https:\/\/www.reisetrottel.de\/wp-content\/uploads\/2022\/07\/RB_5.jpg\" alt=\"\" class=\"wp-image-9165\" srcset=\"https:\/\/www.reisetrottel.de\/wp-content\/uploads\/2022\/07\/RB_5.jpg 800w, https:\/\/www.reisetrottel.de\/wp-content\/uploads\/2022\/07\/RB_5-300x156.jpg 300w, https:\/\/www.reisetrottel.de\/wp-content\/uploads\/2022\/07\/RB_5-768x399.jpg 768w\" sizes=\"auto, (max-width: 800px) 100vw, 800px\" \/><\/figure>\n<p>Die Ferienanlage erstreckt sich auf ca. 2,5 km direkt am Strand &#8211; auf der Halbinsel Fischland-Dar\u00df. Die Wohnwagen &#8211; wie auch die 3 Schlafstrandk\u00f6rbe &#8211; stehen mitten im Sand &#8211; teilweise zwischen den zwei der Ostsee vorgelagerten D\u00fcnen. Das hat schon was und ist f\u00fcr deutsche Verh\u00e4ltnisse eher untypisch.<\/p>\n<figure class=\"wp-block-image size-full\"><img loading=\"lazy\" decoding=\"async\" width=\"800\" height=\"438\" src=\"https:\/\/www.reisetrottel.de\/wp-content\/uploads\/2022\/07\/RB_6.jpg\" alt=\"\" class=\"wp-image-9166\" srcset=\"https:\/\/www.reisetrottel.de\/wp-content\/uploads\/2022\/07\/RB_6.jpg 800w, https:\/\/www.reisetrottel.de\/wp-content\/uploads\/2022\/07\/RB_6-300x164.jpg 300w, https:\/\/www.reisetrottel.de\/wp-content\/uploads\/2022\/07\/RB_6-768x420.jpg 768w\" sizes=\"auto, (max-width: 800px) 100vw, 800px\" \/><\/figure>\n<p>Das sieht ja alles sehr gesittet aus, kaum Flaschen auf dem Tisch &#8211; der Beefer steht artig im linken Hintergrund. Damit ist alles gesagt &#8230;<\/p>\n<figure class=\"wp-block-image size-full\"><img loading=\"lazy\" decoding=\"async\" width=\"800\" height=\"406\" src=\"https:\/\/www.reisetrottel.de\/wp-content\/uploads\/2022\/07\/RB_8.jpg\" alt=\"\" class=\"wp-image-9168\" srcset=\"https:\/\/www.reisetrottel.de\/wp-content\/uploads\/2022\/07\/RB_8.jpg 800w, https:\/\/www.reisetrottel.de\/wp-content\/uploads\/2022\/07\/RB_8-300x152.jpg 300w, https:\/\/www.reisetrottel.de\/wp-content\/uploads\/2022\/07\/RB_8-768x390.jpg 768w\" sizes=\"auto, (max-width: 800px) 100vw, 800px\" \/><\/figure>\n<p>Am n\u00e4chsten Morgen noch eine kleine Besichtigungstour gestartet. Siehe da, es gibt eine Strandbar. L\u00fcbzer 3\u20ac, Cuba 6,5\u20ac, Long Island 8,5\u20ac, Ramazzotti 2,5\u20ac &#8230; Man ist versucht zu sagen, &#8222;quasi alles wesentliche vorhanden.&#8220; Und sogar ein Gesundheits-Tippi &#8230; Da kommen wir doch bestimmt mal wieder.<\/p>\n<figure class=\"wp-block-image size-full\"><img loading=\"lazy\" decoding=\"async\" width=\"800\" height=\"394\" src=\"https:\/\/www.reisetrottel.de\/wp-content\/uploads\/2022\/07\/RB_9.jpg\" alt=\"\" class=\"wp-image-9169\" srcset=\"https:\/\/www.reisetrottel.de\/wp-content\/uploads\/2022\/07\/RB_9.jpg 800w, https:\/\/www.reisetrottel.de\/wp-content\/uploads\/2022\/07\/RB_9-300x148.jpg 300w, https:\/\/www.reisetrottel.de\/wp-content\/uploads\/2022\/07\/RB_9-768x378.jpg 768w\" sizes=\"auto, (max-width: 800px) 100vw, 800px\" \/><\/figure><\/p>\n","protected":false},"excerpt":{"rendered":"<p>Da auch im nieders\u00e4chsischen Bad Gandersheim seit diverser Zeit eine Regenbogen Ferienanlage existiert, war ein Antrittsbesuch auf dem hiesigen Campingplatz in Prerow mehr als \u00fcberf\u00e4llig. F\u00fcr die gut 50km wurde Sonntags gut eine Stunde ben\u00f6tigt &#8211; kein Hauptreisetag, passt dann schon. Parkpl\u00e4tze auch ausreichend vorhanden. IBAN f\u00fcr Kaution ben\u00f6tigt &#8230; Na dann. Normalerweise betrete ich <span class=\"ellipsis\">&hellip;<\/span> <span class=\"more-link-wrap\"><a href=\"https:\/\/www.reisetrottel.de\/?p=9159\" class=\"more-link\"><span>Read More &rarr;<\/span><\/a><\/span><\/p>\n","protected":false},"author":4,"featured_media":9160,"comment_status":"open","ping_status":"closed","sticky":false,"template":"","format":"standard","meta":{"ngg_post_thumbnail":0,"footnotes":""},"categories":[9,4],"tags":[],"class_list":["post-9159","post","type-post","status-publish","format-standard","has-post-thumbnail","hentry","category-deutschland","category-sandstrand"],"_links":{"self":[{"href":"https:\/\/www.reisetrottel.de\/index.php?rest_route=\/wp\/v2\/posts\/9159","targetHints":{"allow":["GET"]}}],"collection":[{"href":"https:\/\/www.reisetrottel.de\/index.php?rest_route=\/wp\/v2\/posts"}],"about":[{"href":"https:\/\/www.reisetrottel.de\/index.php?rest_route=\/wp\/v2\/types\/post"}],"author":[{"embeddable":true,"href":"https:\/\/www.reisetrottel.de\/index.php?rest_route=\/wp\/v2\/users\/4"}],"replies":[{"embeddable":true,"href":"https:\/\/www.reisetrottel.de\/index.php?rest_route=%2Fwp%2Fv2%2Fcomments&post=9159"}],"version-history":[{"count":11,"href":"https:\/\/www.reisetrottel.de\/index.php?rest_route=\/wp\/v2\/posts\/9159\/revisions"}],"predecessor-version":[{"id":9181,"href":"https:\/\/www.reisetrottel.de\/index.php?rest_route=\/wp\/v2\/posts\/9159\/revisions\/9181"}],"wp:featuredmedia":[{"embeddable":true,"href":"https:\/\/www.reisetrottel.de\/index.php?rest_route=\/wp\/v2\/media\/9160"}],"wp:attachment":[{"href":"https:\/\/www.reisetrottel.de\/index.php?rest_route=%2Fwp%2Fv2%2Fmedia&parent=9159"}],"wp:term":[{"taxonomy":"category","embeddable":true,"href":"https:\/\/www.reisetrottel.de\/index.php?rest_route=%2Fwp%2Fv2%2Fcategories&post=9159"},{"taxonomy":"post_tag","embeddable":true,"href":"https:\/\/www.reisetrottel.de\/index.php?rest_route=%2Fwp%2Fv2%2Ftags&post=9159"}],"curies":[{"name":"wp","href":"https:\/\/api.w.org\/{rel}","templated":true}]}}